{"id":6636,"date":"2023-10-06T18:12:18","date_gmt":"2023-10-06T21:12:18","guid":{"rendered":"https:\/\/fmpatagoniamadryn.com.ar\/?p=6636"},"modified":"2023-10-06T18:12:27","modified_gmt":"2023-10-06T21:12:27","slug":"marea-roja-se-dispuso-veda-total-en-el-golfo-san-jose","status":"publish","type":"post","link":"https:\/\/fmpatagoniamadryn.com.ar\/?p=6636","title":{"rendered":"Marea Roja: Se dispuso veda total en el Golfo San Jos\u00e9"},"content":{"rendered":"\n<p>La prohibici\u00f3n se extiende para todas las especies de moluscos bivalvos y gaster\u00f3podos.<br><br>El Gobierno del Chubut, a trav\u00e9s de la Secretar\u00eda de Pesca, resolvi\u00f3 mediante Disposici\u00f3n N\u00b0 011\/2023-SsP-SP, vedar la extracci\u00f3n de todas las especies de moluscos bivalvos y gaster\u00f3podos (caracoles) en la totalidad de las zonas y puntos de muestreo del Golfo San Jos\u00e9.<br><br>Tal decisi\u00f3n fue adoptada ya que los resultados de los estudios realizados por la Direcci\u00f3n de Salud Ambiental del Ministerio de Salud provincial, arrojaron valores de Toxina Paralizante de Moluscos (TPM), superiores a las 400 UR.<br><br>Es importante recordar que, la vigencia de la presente disposici\u00f3n estar\u00e1 condicionada a los resultados de los an\u00e1lisis que se realicen a partir de la fecha, en cumplimiento de los Programas de Prevenci\u00f3n y Control de Marea Roja y de Clasificaci\u00f3n de Zonas.<br><br>Vieira Tehuelche<br><br>A pesar de ello, la presente disposici\u00f3n autoriza en su art\u00edculo segundo: \u201cLa extracci\u00f3n y comercializaci\u00f3n de Vieira Tehuelche, \u00fanicamente por parte de permisionarios habilitados y conforme al cupo oportunamente otorgado, exclusivamente para la elaboraci\u00f3n del producto callo, en establecimientos debidamente habilitados y bajo estricto control sanitario\u201d.<br><br>Marea roja<br><br>La marea roja es un fen\u00f3meno que se produce cuando se concentra un n\u00famero extraordinario de microorganismos productores de toxinas en el mar, junto con determinados factores del medio ambiente (temperatura, luz, pH, disponibilidad de ciertos nutrientes, salinidad, entre otros), que se tornan favorables para su multiplicaci\u00f3n.<br><br>Los organismos como moluscos bivalvos (almejas, mejillones, cholgas, berberechos, ostras) o gaster\u00f3podos (caracoles de mar) pueden acumular las toxinas en su cuerpo al alimentarse. Dichas toxinas no afectan a los moluscos, ni les producen cambios perceptibles en su olor, color o sabor.<br><br>No obstante, si los moluscos contaminados son consumidos por las personas pueden ocasionarle un cuadro de intoxicaci\u00f3n, cuya gravedad depender\u00e1 del tipo de toxina y de la dosis ingerida.<br><br>Por ello es fundamental respetar los periodos de veda establecidos por la Secretar\u00eda de Pesca y, limitar el consumo y compra de mariscos s\u00f3lo a los establecimientos, pescader\u00edas, restaurantes o locales de comidas debidamente habilitados<\/p>\n","protected":false},"excerpt":{"rendered":"<p>La prohibici\u00f3n se extiende para todas las especies de moluscos bivalvos y gaster\u00f3podos. El Gobierno del Chubut, a trav\u00e9s de la Secretar\u00eda de Pesca, resolvi\u00f3 mediante Disposici\u00f3n N\u00b0 011\/2023-SsP-SP, vedar&hellip; <\/p>\n","protected":false},"author":3,"featured_media":6635,"comment_status":"closed","ping_status":"closed","sticky":false,"template":"","format":"standard","meta":{"footnotes":""},"categories":[14],"tags":[],"class_list":["post-6636","post","type-post","status-publish","format-standard","has-post-thumbnail","hentry","category-provinciales"],"yoast_head":"<!-- This site is optimized with the Yoast SEO plugin v27.5 - https:\/\/yoast.com\/product\/yoast-seo-wordpress\/ -->\n<title>Marea Roja: Se dispuso veda total en el Golfo San Jos\u00e9 - FM Patagonia Madryn<\/title>\n<meta name=\"robots\" content=\"index, follow, max-snippet:-1, max-image-preview:large, max-video-preview:-1\" \/>\n<link rel=\"canonical\" href=\"https:\/\/fmpatagoniamadryn.com.ar\/?p=6636\" \/>\n<meta property=\"og:locale\" content=\"es_ES\" \/>\n<meta property=\"og:type\" content=\"article\" \/>\n<meta property=\"og:title\" content=\"Marea Roja: Se dispuso veda total en el Golfo San Jos\u00e9 - FM Patagonia Madryn\" \/>\n<meta property=\"og:description\" content=\"La prohibici\u00f3n se extiende para todas las especies de moluscos bivalvos y gaster\u00f3podos. El Gobierno del Chubut, a trav\u00e9s de la Secretar\u00eda de Pesca, resolvi\u00f3 mediante Disposici\u00f3n N\u00b0 011\/2023-SsP-SP, vedar&hellip;\" \/>\n<meta property=\"og:url\" content=\"https:\/\/fmpatagoniamadryn.com.ar\/?p=6636\" \/>\n<meta property=\"og:site_name\" content=\"FM Patagonia Madryn\" \/>\n<meta property=\"article:published_time\" content=\"2023-10-06T21:12:18+00:00\" \/>\n<meta property=\"article:modified_time\" content=\"2023-10-06T21:12:27+00:00\" \/>\n<meta property=\"og:image\" content=\"https:\/\/fmpatagoniamadryn.com.ar\/wp-content\/uploads\/2023\/10\/MAREA-ROJA-1.jpg\" \/>\n\t<meta property=\"og:image:width\" content=\"680\" \/>\n\t<meta property=\"og:image:height\" content=\"454\" \/>\n\t<meta property=\"og:image:type\" content=\"image\/jpeg\" \/>\n<meta name=\"author\" content=\"FM Patagonia\" \/>\n<meta name=\"twitter:card\" content=\"summary_large_image\" \/>\n<meta name=\"twitter:label1\" content=\"Escrito por\" \/>\n\t<meta name=\"twitter:data1\" content=\"FM Patagonia\" \/>\n\t<meta name=\"twitter:label2\" content=\"Tiempo de lectura\" \/>\n\t<meta name=\"twitter:data2\" content=\"2 minutos\" \/>\n<script type=\"application\/ld+json\" class=\"yoast-schema-graph\">{\"@context\":\"https:\\\/\\\/schema.org\",\"@graph\":[{\"@type\":\"Article\",\"@id\":\"https:\\\/\\\/fmpatagoniamadryn.com.ar\\\/?p=6636#article\",\"isPartOf\":{\"@id\":\"https:\\\/\\\/fmpatagoniamadryn.com.ar\\\/?p=6636\"},\"author\":{\"name\":\"FM Patagonia\",\"@id\":\"https:\\\/\\\/fmpatagoniamadryn.com.ar\\\/#\\\/schema\\\/person\\\/1d968ec613613768e14b4e6420a2b125\"},\"headline\":\"Marea Roja: Se dispuso veda total en el Golfo San Jos\u00e9\",\"datePublished\":\"2023-10-06T21:12:18+00:00\",\"dateModified\":\"2023-10-06T21:12:27+00:00\",\"mainEntityOfPage\":{\"@id\":\"https:\\\/\\\/fmpatagoniamadryn.com.ar\\\/?p=6636\"},\"wordCount\":375,\"publisher\":{\"@id\":\"https:\\\/\\\/fmpatagoniamadryn.com.ar\\\/#organization\"},\"image\":{\"@id\":\"https:\\\/\\\/fmpatagoniamadryn.com.ar\\\/?p=6636#primaryimage\"},\"thumbnailUrl\":\"https:\\\/\\\/fmpatagoniamadryn.com.ar\\\/wp-content\\\/uploads\\\/2023\\\/10\\\/MAREA-ROJA-1.jpg\",\"articleSection\":[\"Provinciales\"],\"inLanguage\":\"es\"},{\"@type\":\"WebPage\",\"@id\":\"https:\\\/\\\/fmpatagoniamadryn.com.ar\\\/?p=6636\",\"url\":\"https:\\\/\\\/fmpatagoniamadryn.com.ar\\\/?p=6636\",\"name\":\"Marea Roja: Se dispuso veda total en el Golfo San Jos\u00e9 - FM Patagonia Madryn\",\"isPartOf\":{\"@id\":\"https:\\\/\\\/fmpatagoniamadryn.com.ar\\\/#website\"},\"primaryImageOfPage\":{\"@id\":\"https:\\\/\\\/fmpatagoniamadryn.com.ar\\\/?p=6636#primaryimage\"},\"image\":{\"@id\":\"https:\\\/\\\/fmpatagoniamadryn.com.ar\\\/?p=6636#primaryimage\"},\"thumbnailUrl\":\"https:\\\/\\\/fmpatagoniamadryn.com.ar\\\/wp-content\\\/uploads\\\/2023\\\/10\\\/MAREA-ROJA-1.jpg\",\"datePublished\":\"2023-10-06T21:12:18+00:00\",\"dateModified\":\"2023-10-06T21:12:27+00:00\",\"breadcrumb\":{\"@id\":\"https:\\\/\\\/fmpatagoniamadryn.com.ar\\\/?p=6636#breadcrumb\"},\"inLanguage\":\"es\",\"potentialAction\":[{\"@type\":\"ReadAction\",\"target\":[\"https:\\\/\\\/fmpatagoniamadryn.com.ar\\\/?p=6636\"]}]},{\"@type\":\"ImageObject\",\"inLanguage\":\"es\",\"@id\":\"https:\\\/\\\/fmpatagoniamadryn.com.ar\\\/?p=6636#primaryimage\",\"url\":\"https:\\\/\\\/fmpatagoniamadryn.com.ar\\\/wp-content\\\/uploads\\\/2023\\\/10\\\/MAREA-ROJA-1.jpg\",\"contentUrl\":\"https:\\\/\\\/fmpatagoniamadryn.com.ar\\\/wp-content\\\/uploads\\\/2023\\\/10\\\/MAREA-ROJA-1.jpg\",\"width\":680,\"height\":454},{\"@type\":\"BreadcrumbList\",\"@id\":\"https:\\\/\\\/fmpatagoniamadryn.com.ar\\\/?p=6636#breadcrumb\",\"itemListElement\":[{\"@type\":\"ListItem\",\"position\":1,\"name\":\"Portada\",\"item\":\"https:\\\/\\\/fmpatagoniamadryn.com.ar\\\/\"},{\"@type\":\"ListItem\",\"position\":2,\"name\":\"Marea Roja: Se dispuso veda total en el Golfo San Jos\u00e9\"}]},{\"@type\":\"WebSite\",\"@id\":\"https:\\\/\\\/fmpatagoniamadryn.com.ar\\\/#website\",\"url\":\"https:\\\/\\\/fmpatagoniamadryn.com.ar\\\/\",\"name\":\"FM Patagonia Madryn\",\"description\":\"Radio Patagonia 105.5\",\"publisher\":{\"@id\":\"https:\\\/\\\/fmpatagoniamadryn.com.ar\\\/#organization\"},\"potentialAction\":[{\"@type\":\"SearchAction\",\"target\":{\"@type\":\"EntryPoint\",\"urlTemplate\":\"https:\\\/\\\/fmpatagoniamadryn.com.ar\\\/?s={search_term_string}\"},\"query-input\":{\"@type\":\"PropertyValueSpecification\",\"valueRequired\":true,\"valueName\":\"search_term_string\"}}],\"inLanguage\":\"es\"},{\"@type\":\"Organization\",\"@id\":\"https:\\\/\\\/fmpatagoniamadryn.com.ar\\\/#organization\",\"name\":\"FM Patagonia Madryn\",\"url\":\"https:\\\/\\\/fmpatagoniamadryn.com.ar\\\/\",\"logo\":{\"@type\":\"ImageObject\",\"inLanguage\":\"es\",\"@id\":\"https:\\\/\\\/fmpatagoniamadryn.com.ar\\\/#\\\/schema\\\/logo\\\/image\\\/\",\"url\":\"https:\\\/\\\/fmpatagoniamadryn.com.ar\\\/wp-content\\\/uploads\\\/2023\\\/01\\\/cropped-Diseno-sin-titulo.png\",\"contentUrl\":\"https:\\\/\\\/fmpatagoniamadryn.com.ar\\\/wp-content\\\/uploads\\\/2023\\\/01\\\/cropped-Diseno-sin-titulo.png\",\"width\":6911,\"height\":2657,\"caption\":\"FM Patagonia Madryn\"},\"image\":{\"@id\":\"https:\\\/\\\/fmpatagoniamadryn.com.ar\\\/#\\\/schema\\\/logo\\\/image\\\/\"}},{\"@type\":\"Person\",\"@id\":\"https:\\\/\\\/fmpatagoniamadryn.com.ar\\\/#\\\/schema\\\/person\\\/1d968ec613613768e14b4e6420a2b125\",\"name\":\"FM Patagonia\",\"url\":\"https:\\\/\\\/fmpatagoniamadryn.com.ar\\\/?author=3\"}]}<\/script>\n<!-- \/ Yoast SEO plugin. -->","yoast_head_json":{"title":"Marea Roja: Se dispuso veda total en el Golfo San Jos\u00e9 - FM Patagonia Madryn","robots":{"index":"index","follow":"follow","max-snippet":"max-snippet:-1","max-image-preview":"max-image-preview:large","max-video-preview":"max-video-preview:-1"},"canonical":"https:\/\/fmpatagoniamadryn.com.ar\/?p=6636","og_locale":"es_ES","og_type":"article","og_title":"Marea Roja: Se dispuso veda total en el Golfo San Jos\u00e9 - FM Patagonia Madryn","og_description":"La prohibici\u00f3n se extiende para todas las especies de moluscos bivalvos y gaster\u00f3podos. El Gobierno del Chubut, a trav\u00e9s de la Secretar\u00eda de Pesca, resolvi\u00f3 mediante Disposici\u00f3n N\u00b0 011\/2023-SsP-SP, vedar&hellip;","og_url":"https:\/\/fmpatagoniamadryn.com.ar\/?p=6636","og_site_name":"FM Patagonia Madryn","article_published_time":"2023-10-06T21:12:18+00:00","article_modified_time":"2023-10-06T21:12:27+00:00","og_image":[{"width":680,"height":454,"url":"https:\/\/fmpatagoniamadryn.com.ar\/wp-content\/uploads\/2023\/10\/MAREA-ROJA-1.jpg","type":"image\/jpeg"}],"author":"FM Patagonia","twitter_card":"summary_large_image","twitter_misc":{"Escrito por":"FM Patagonia","Tiempo de lectura":"2 minutos"},"schema":{"@context":"https:\/\/schema.org","@graph":[{"@type":"Article","@id":"https:\/\/fmpatagoniamadryn.com.ar\/?p=6636#article","isPartOf":{"@id":"https:\/\/fmpatagoniamadryn.com.ar\/?p=6636"},"author":{"name":"FM Patagonia","@id":"https:\/\/fmpatagoniamadryn.com.ar\/#\/schema\/person\/1d968ec613613768e14b4e6420a2b125"},"headline":"Marea Roja: Se dispuso veda total en el Golfo San Jos\u00e9","datePublished":"2023-10-06T21:12:18+00:00","dateModified":"2023-10-06T21:12:27+00:00","mainEntityOfPage":{"@id":"https:\/\/fmpatagoniamadryn.com.ar\/?p=6636"},"wordCount":375,"publisher":{"@id":"https:\/\/fmpatagoniamadryn.com.ar\/#organization"},"image":{"@id":"https:\/\/fmpatagoniamadryn.com.ar\/?p=6636#primaryimage"},"thumbnailUrl":"https:\/\/fmpatagoniamadryn.com.ar\/wp-content\/uploads\/2023\/10\/MAREA-ROJA-1.jpg","articleSection":["Provinciales"],"inLanguage":"es"},{"@type":"WebPage","@id":"https:\/\/fmpatagoniamadryn.com.ar\/?p=6636","url":"https:\/\/fmpatagoniamadryn.com.ar\/?p=6636","name":"Marea Roja: Se dispuso veda total en el Golfo San Jos\u00e9 - FM Patagonia Madryn","isPartOf":{"@id":"https:\/\/fmpatagoniamadryn.com.ar\/#website"},"primaryImageOfPage":{"@id":"https:\/\/fmpatagoniamadryn.com.ar\/?p=6636#primaryimage"},"image":{"@id":"https:\/\/fmpatagoniamadryn.com.ar\/?p=6636#primaryimage"},"thumbnailUrl":"https:\/\/fmpatagoniamadryn.com.ar\/wp-content\/uploads\/2023\/10\/MAREA-ROJA-1.jpg","datePublished":"2023-10-06T21:12:18+00:00","dateModified":"2023-10-06T21:12:27+00:00","breadcrumb":{"@id":"https:\/\/fmpatagoniamadryn.com.ar\/?p=6636#breadcrumb"},"inLanguage":"es","potentialAction":[{"@type":"ReadAction","target":["https:\/\/fmpatagoniamadryn.com.ar\/?p=6636"]}]},{"@type":"ImageObject","inLanguage":"es","@id":"https:\/\/fmpatagoniamadryn.com.ar\/?p=6636#primaryimage","url":"https:\/\/fmpatagoniamadryn.com.ar\/wp-content\/uploads\/2023\/10\/MAREA-ROJA-1.jpg","contentUrl":"https:\/\/fmpatagoniamadryn.com.ar\/wp-content\/uploads\/2023\/10\/MAREA-ROJA-1.jpg","width":680,"height":454},{"@type":"BreadcrumbList","@id":"https:\/\/fmpatagoniamadryn.com.ar\/?p=6636#breadcrumb","itemListElement":[{"@type":"ListItem","position":1,"name":"Portada","item":"https:\/\/fmpatagoniamadryn.com.ar\/"},{"@type":"ListItem","position":2,"name":"Marea Roja: Se dispuso veda total en el Golfo San Jos\u00e9"}]},{"@type":"WebSite","@id":"https:\/\/fmpatagoniamadryn.com.ar\/#website","url":"https:\/\/fmpatagoniamadryn.com.ar\/","name":"FM Patagonia Madryn","description":"Radio Patagonia 105.5","publisher":{"@id":"https:\/\/fmpatagoniamadryn.com.ar\/#organization"},"potentialAction":[{"@type":"SearchAction","target":{"@type":"EntryPoint","urlTemplate":"https:\/\/fmpatagoniamadryn.com.ar\/?s={search_term_string}"},"query-input":{"@type":"PropertyValueSpecification","valueRequired":true,"valueName":"search_term_string"}}],"inLanguage":"es"},{"@type":"Organization","@id":"https:\/\/fmpatagoniamadryn.com.ar\/#organization","name":"FM Patagonia Madryn","url":"https:\/\/fmpatagoniamadryn.com.ar\/","logo":{"@type":"ImageObject","inLanguage":"es","@id":"https:\/\/fmpatagoniamadryn.com.ar\/#\/schema\/logo\/image\/","url":"https:\/\/fmpatagoniamadryn.com.ar\/wp-content\/uploads\/2023\/01\/cropped-Diseno-sin-titulo.png","contentUrl":"https:\/\/fmpatagoniamadryn.com.ar\/wp-content\/uploads\/2023\/01\/cropped-Diseno-sin-titulo.png","width":6911,"height":2657,"caption":"FM Patagonia Madryn"},"image":{"@id":"https:\/\/fmpatagoniamadryn.com.ar\/#\/schema\/logo\/image\/"}},{"@type":"Person","@id":"https:\/\/fmpatagoniamadryn.com.ar\/#\/schema\/person\/1d968ec613613768e14b4e6420a2b125","name":"FM Patagonia","url":"https:\/\/fmpatagoniamadryn.com.ar\/?author=3"}]}},"jetpack_featured_media_url":"https:\/\/fmpatagoniamadryn.com.ar\/wp-content\/uploads\/2023\/10\/MAREA-ROJA-1.jpg","_links":{"self":[{"href":"https:\/\/fmpatagoniamadryn.com.ar\/index.php?rest_route=\/wp\/v2\/posts\/6636","targetHints":{"allow":["GET"]}}],"collection":[{"href":"https:\/\/fmpatagoniamadryn.com.ar\/index.php?rest_route=\/wp\/v2\/posts"}],"about":[{"href":"https:\/\/fmpatagoniamadryn.com.ar\/index.php?rest_route=\/wp\/v2\/types\/post"}],"author":[{"embeddable":true,"href":"https:\/\/fmpatagoniamadryn.com.ar\/index.php?rest_route=\/wp\/v2\/users\/3"}],"replies":[{"embeddable":true,"href":"https:\/\/fmpatagoniamadryn.com.ar\/index.php?rest_route=%2Fwp%2Fv2%2Fcomments&post=6636"}],"version-history":[{"count":1,"href":"https:\/\/fmpatagoniamadryn.com.ar\/index.php?rest_route=\/wp\/v2\/posts\/6636\/revisions"}],"predecessor-version":[{"id":6637,"href":"https:\/\/fmpatagoniamadryn.com.ar\/index.php?rest_route=\/wp\/v2\/posts\/6636\/revisions\/6637"}],"wp:featuredmedia":[{"embeddable":true,"href":"https:\/\/fmpatagoniamadryn.com.ar\/index.php?rest_route=\/wp\/v2\/media\/6635"}],"wp:attachment":[{"href":"https:\/\/fmpatagoniamadryn.com.ar\/index.php?rest_route=%2Fwp%2Fv2%2Fmedia&parent=6636"}],"wp:term":[{"taxonomy":"category","embeddable":true,"href":"https:\/\/fmpatagoniamadryn.com.ar\/index.php?rest_route=%2Fwp%2Fv2%2Fcategories&post=6636"},{"taxonomy":"post_tag","embeddable":true,"href":"https:\/\/fmpatagoniamadryn.com.ar\/index.php?rest_route=%2Fwp%2Fv2%2Ftags&post=6636"}],"curies":[{"name":"wp","href":"https:\/\/api.w.org\/{rel}","templated":true}]}}