{"id":6720,"date":"2023-10-11T07:54:39","date_gmt":"2023-10-11T10:54:39","guid":{"rendered":"https:\/\/fmpatagoniamadryn.com.ar\/?p=6720"},"modified":"2023-10-11T07:56:08","modified_gmt":"2023-10-11T10:56:08","slug":"6720","status":"publish","type":"post","link":"https:\/\/fmpatagoniamadryn.com.ar\/?p=6720","title":{"rendered":"El oficialismo logr\u00f3 imponer su proyecto en la reforma de la ley de alquileres"},"content":{"rendered":"\n<p><br><br>La C\u00e1mara de Diputados convirti\u00f3 en ley, por 128 contra 114 votos, el proyecto de reforma de alquileres con los cambios incluidos por el Senado impulsados por el Frente de Todos, con lo cual los contratos entre propietarios e inquilinos se mantendr\u00e1n por tres a\u00f1os y tendr\u00e1n una actualizaci\u00f3n semestral, en lugar de anual como establec\u00eda la actual norma.<br><br>La iniciativa se aprob\u00f3 con los votos que fueron aportados por el Frente de Todos, el Movimiento Popular Neuquino, dos de Identidad Bonaerense, dos socialistas, una de C\u00f3rdoba Federal, uno de Juntos por Rio Negro, dos del Frente de la Concordia y cuatro de izquierda.<br><br>En tanto, la iniciativa fue rechazada por Juntos por el Cambio, los tres libertarios que responden a Javier Milei, uno de Juntos por Rio Negro, una de Identidad Bonaerense y uno de C\u00f3rdoba Federal.<br><br>La iniciativa fue aprobada despu\u00e9s de las 5 de la madrugada en el marco de una sesi\u00f3n marat\u00f3nica que se inici\u00f3 hoy a las 12.30 en la cual se convirti\u00f3 en la ley de violencia digital y se aprobaron los proyectos de devoluci\u00f3n del IVA, Argentina Inclusiva y de promoci\u00f3n del Gas Natural Licuado.<br><br>Diputados convirti\u00f3 en ley la reforma de alquileres con los cambios introducidos por el Senado<\/p>\n\n\n\n<p><br \/>Con la sanci\u00f3n de este proyecto los contratos se mantienen en tres a\u00f1os los cuales deber\u00e1n ser estipulados \u00aben valor \u00fanico en moneda nacional y por per\u00edodos mensuales sobre el cual podr\u00e1n realizarse ajustes con periodicidad a intervalos no inferiores a seis meses\u00bb.<br \/><br \/><br \/>Tambi\u00e9n, el Senado modific\u00f3 el mecanismo de actualizaci\u00f3n del precio de los alquileres y estableci\u00f3 que \u00ablos ajustes deber\u00e1n efectuarse utilizando un coeficiente conformado por la menor variaci\u00f3n que surja de comparar el promedio del 0,9 de la variaci\u00f3n del coeficiente de variaci\u00f3n salarial publicado por el Indec y la variaci\u00f3n del Coeficiente de Estabilizaci\u00f3n de Referencia (CER), publicado por el BCRA\u00bb.<br \/><br \/>El texto aprobado por el Senado, adem\u00e1s, incorpor\u00f3 un \u00faltimo p\u00e1rrafo sobre el art\u00edculo 9, en el que determin\u00f3 que \u00ablos ingresos provenientes de locaci\u00f3n de hasta dos inmuebles estar\u00e1n exentos del pago del monotributo\u00bb.<br \/><br \/>Tambi\u00e9n fija que cualquier \u00abpublicidad, en cualquier medio o plataforma, que incluya precio de locaciones de inmuebles con destino habitacional debe realizarse en moneda nacional\u201d y elimina la posibilidad de los pagos a inquilinos por adelantado.<br \/><br \/>Diputados aprueba un proyecto para promover la industria del Calzado<br \/>En cuanto a los beneficios impositivos los propietarios no pagar\u00e1n bienes personales sobre los inmuebles que se pongan en alquiler. Tampoco pagar\u00e1n el impuesto al cheque en las cuentas bancarias destinadas a cobrar esos contratos que se encuentren \u00abdebidamente registrados\u00bb ante la AFIP.<br \/><br \/>Adem\u00e1s las \u00abpartes podr\u00e1n deducir del impuesto a las Ganancias la suma equivalente al 10% del monto anual del contrato de locaci\u00f3n\u201d.<br \/><br \/><br \/>En cambio, el texto con media sanci\u00f3n de Diputados establec\u00eda que los contratos de alquiler deb\u00edan tener un plazo m\u00ednimo de dos a\u00f1os, contra los tres a\u00f1os que rigen en la actualidad, y que los ajustes pod\u00edan hacerse cada cuatro meses con la libertad de ambas partes para elegir el mecanismo a emplear para calcular el porcentaje entre varias f\u00f3rmulas o \u00edndices.<br \/><br \/>Siempre de acuerdo con el texto que hab\u00eda sido aprobado por la C\u00e1mara de Diputados, el men\u00fa de posibilidades a elegir estaba conformado por el \u00cdndice de Precios al Consumidor (IPC), el \u00cdndice de Precios Mayoristas (IPM) y el \u00cdndice de Salarios (IS), elaborados por el Instituto Nacional de Estad\u00edstica y Censos (Indec). Tambi\u00e9n se contemplaba como opci\u00f3n que las partes pudieran acordar adoptar una combinaci\u00f3n de estos \u00edndices.<br \/><br \/>Al fundamentar la posici\u00f3n del oficialismo, el diputado del FDT Lucas Godoy \u00abes un tema que repercute en la vida de alrededor de 8 millones de personas\u00bb y \u00abeste contrato nunca tuvo ni tendr\u00e1 una relaci\u00f3n paritaria de igualdad de partes. La ley debe entonces amparar y equilibrar las condiciones de los contratantes\u201d.<br \/><br \/>Agreg\u00f3 que \u00abhoy tenemos dos posibilidades: o insistimos con la media sanci\u00f3n que se aprob\u00f3 en Diputados, o aprobamos las modificaciones, que en t\u00e9rminos de protecci\u00f3n son mejores las modificaciones del Senado\u201d,<br \/><br \/>En el cierre del debate, la secretaria parlamentaria del bloque del FDT, Paula Penacca, afirm\u00f3 que el problema \u00abno es la ley\u00bb sino el contexto econ\u00f3mico y dijo que una \u00abde las cosas que mejora es que elimina la posibilidad que el inquilino haga pagos adelantos\u00bb.<br \/><br \/><br \/>Dijo que \u00abel problema empieza cuando en el a\u00f1o 2018 se llega a una devaluaci\u00f3n anual de 100% y por lo tanto la expectativa de propietarios e inmobiliarias no coinciden con lo que logran ganar. Y esto lo dice Reporte Inmobiliario, que no es un pasqu\u00edn kirchnerista\u201d.<br \/><br \/>\u00abCon la ley aprobada en el Senado se mejora la situaci\u00f3n de los inquilinos\u00bb, destac\u00f3<br \/><br \/>Desde la oposici\u00f3n, la vicepresidenta radical Karina Banfi afirm\u00f3 que \u00abcomo nosotros queremos ayudar a la parte m\u00e1s d\u00e9bil, venimos pidiendo la derogaci\u00f3n de la Ley de Alquileres sancionada en 2020. Como no tuvimos mayor\u00edas, lo que hicimos en agosto fue derogar los dos art\u00edculos m\u00e1s nefastos\u00bb.<br \/><br \/>En ese sentido dijo que \u00aben 2019, cuando se debati\u00f3 por primera vez, se nos advirti\u00f3 que se retraer\u00eda la oferta y eso fue lo que pas\u00f3. En 2020, por la pandemia, se congelaron los alquileres. Lo que tenemos hoy es un desorden absoluto, en el marco de una crisis econ\u00f3mica y habitacional. Este combo es letal\u00bb.<br \/><br \/>Por su parte, el diputado del Pro Pablo Tonelli expres\u00f3 su rechazo al proyecto impulsado por el oficialismo al se\u00f1alar que \u00abla aplicaci\u00f3n de la ley provoc\u00f3 una enorme retracci\u00f3n en la oferta de viviendas para alquilar. Esto perjudica a los inquilinos dada la escasez de la oferta, les impide negociar en igualdad de condiciones los t\u00e9rminos del contrato\u201d. (T\u00e9lam)<\/p>\n","protected":false},"excerpt":{"rendered":"<p>La C\u00e1mara de Diputados convirti\u00f3 en ley, por 128 contra 114 votos, el proyecto de reforma de alquileres con los cambios incluidos por el Senado impulsados por el Frente de&hellip; <\/p>\n","protected":false},"author":2,"featured_media":6719,"comment_status":"closed","ping_status":"closed","sticky":false,"template":"","format":"standard","meta":{"footnotes":""},"categories":[13],"tags":[],"class_list":["post-6720","post","type-post","status-publish","format-standard","has-post-thumbnail","hentry","category-nacionales"],"yoast_head":"<!-- This site is optimized with the Yoast SEO plugin v27.5 - https:\/\/yoast.com\/product\/yoast-seo-wordpress\/ -->\n<title>El oficialismo logr\u00f3 imponer su proyecto en la reforma de la ley de alquileres - FM Patagonia Madryn<\/title>\n<meta name=\"robots\" content=\"index, follow, max-snippet:-1, max-image-preview:large, max-video-preview:-1\" \/>\n<link rel=\"canonical\" href=\"https:\/\/fmpatagoniamadryn.com.ar\/?p=6720\" \/>\n<meta property=\"og:locale\" content=\"es_ES\" \/>\n<meta property=\"og:type\" content=\"article\" \/>\n<meta property=\"og:title\" content=\"El oficialismo logr\u00f3 imponer su proyecto en la reforma de la ley de alquileres - FM Patagonia Madryn\" \/>\n<meta property=\"og:description\" content=\"La C\u00e1mara de Diputados convirti\u00f3 en ley, por 128 contra 114 votos, el proyecto de reforma de alquileres con los cambios incluidos por el Senado impulsados por el Frente de&hellip;\" \/>\n<meta property=\"og:url\" content=\"https:\/\/fmpatagoniamadryn.com.ar\/?p=6720\" \/>\n<meta property=\"og:site_name\" content=\"FM Patagonia Madryn\" \/>\n<meta property=\"article:published_time\" content=\"2023-10-11T10:54:39+00:00\" \/>\n<meta property=\"article:modified_time\" content=\"2023-10-11T10:56:08+00:00\" \/>\n<meta property=\"og:image\" content=\"https:\/\/fmpatagoniamadryn.com.ar\/wp-content\/uploads\/2023\/10\/602fb6a8ca57d_360_202.webp\" \/>\n\t<meta property=\"og:image:width\" content=\"360\" \/>\n\t<meta property=\"og:image:height\" content=\"202\" \/>\n\t<meta property=\"og:image:type\" content=\"image\/webp\" \/>\n<meta name=\"author\" content=\"FM Patagonia\" \/>\n<meta name=\"twitter:card\" content=\"summary_large_image\" \/>\n<meta name=\"twitter:label1\" content=\"Escrito por\" \/>\n\t<meta name=\"twitter:data1\" content=\"FM Patagonia\" \/>\n\t<meta name=\"twitter:label2\" content=\"Tiempo de lectura\" \/>\n\t<meta name=\"twitter:data2\" content=\"5 minutos\" \/>\n<script type=\"application\/ld+json\" class=\"yoast-schema-graph\">{\"@context\":\"https:\\\/\\\/schema.org\",\"@graph\":[{\"@type\":\"Article\",\"@id\":\"https:\\\/\\\/fmpatagoniamadryn.com.ar\\\/?p=6720#article\",\"isPartOf\":{\"@id\":\"https:\\\/\\\/fmpatagoniamadryn.com.ar\\\/?p=6720\"},\"author\":{\"name\":\"FM Patagonia\",\"@id\":\"https:\\\/\\\/fmpatagoniamadryn.com.ar\\\/#\\\/schema\\\/person\\\/8a3de4ad7efceacab06c1641c50303b7\"},\"headline\":\"El oficialismo logr\u00f3 imponer su proyecto en la reforma de la ley de alquileres\",\"datePublished\":\"2023-10-11T10:54:39+00:00\",\"dateModified\":\"2023-10-11T10:56:08+00:00\",\"mainEntityOfPage\":{\"@id\":\"https:\\\/\\\/fmpatagoniamadryn.com.ar\\\/?p=6720\"},\"wordCount\":1021,\"publisher\":{\"@id\":\"https:\\\/\\\/fmpatagoniamadryn.com.ar\\\/#organization\"},\"image\":{\"@id\":\"https:\\\/\\\/fmpatagoniamadryn.com.ar\\\/?p=6720#primaryimage\"},\"thumbnailUrl\":\"https:\\\/\\\/fmpatagoniamadryn.com.ar\\\/wp-content\\\/uploads\\\/2023\\\/10\\\/602fb6a8ca57d_360_202.webp\",\"articleSection\":[\"Nacionales\"],\"inLanguage\":\"es\"},{\"@type\":\"WebPage\",\"@id\":\"https:\\\/\\\/fmpatagoniamadryn.com.ar\\\/?p=6720\",\"url\":\"https:\\\/\\\/fmpatagoniamadryn.com.ar\\\/?p=6720\",\"name\":\"El oficialismo logr\u00f3 imponer su proyecto en la reforma de la ley de alquileres - FM Patagonia Madryn\",\"isPartOf\":{\"@id\":\"https:\\\/\\\/fmpatagoniamadryn.com.ar\\\/#website\"},\"primaryImageOfPage\":{\"@id\":\"https:\\\/\\\/fmpatagoniamadryn.com.ar\\\/?p=6720#primaryimage\"},\"image\":{\"@id\":\"https:\\\/\\\/fmpatagoniamadryn.com.ar\\\/?p=6720#primaryimage\"},\"thumbnailUrl\":\"https:\\\/\\\/fmpatagoniamadryn.com.ar\\\/wp-content\\\/uploads\\\/2023\\\/10\\\/602fb6a8ca57d_360_202.webp\",\"datePublished\":\"2023-10-11T10:54:39+00:00\",\"dateModified\":\"2023-10-11T10:56:08+00:00\",\"breadcrumb\":{\"@id\":\"https:\\\/\\\/fmpatagoniamadryn.com.ar\\\/?p=6720#breadcrumb\"},\"inLanguage\":\"es\",\"potentialAction\":[{\"@type\":\"ReadAction\",\"target\":[\"https:\\\/\\\/fmpatagoniamadryn.com.ar\\\/?p=6720\"]}]},{\"@type\":\"ImageObject\",\"inLanguage\":\"es\",\"@id\":\"https:\\\/\\\/fmpatagoniamadryn.com.ar\\\/?p=6720#primaryimage\",\"url\":\"https:\\\/\\\/fmpatagoniamadryn.com.ar\\\/wp-content\\\/uploads\\\/2023\\\/10\\\/602fb6a8ca57d_360_202.webp\",\"contentUrl\":\"https:\\\/\\\/fmpatagoniamadryn.com.ar\\\/wp-content\\\/uploads\\\/2023\\\/10\\\/602fb6a8ca57d_360_202.webp\",\"width\":360,\"height\":202},{\"@type\":\"BreadcrumbList\",\"@id\":\"https:\\\/\\\/fmpatagoniamadryn.com.ar\\\/?p=6720#breadcrumb\",\"itemListElement\":[{\"@type\":\"ListItem\",\"position\":1,\"name\":\"Portada\",\"item\":\"https:\\\/\\\/fmpatagoniamadryn.com.ar\\\/\"},{\"@type\":\"ListItem\",\"position\":2,\"name\":\"El oficialismo logr\u00f3 imponer su proyecto en la reforma de la ley de alquileres\"}]},{\"@type\":\"WebSite\",\"@id\":\"https:\\\/\\\/fmpatagoniamadryn.com.ar\\\/#website\",\"url\":\"https:\\\/\\\/fmpatagoniamadryn.com.ar\\\/\",\"name\":\"FM Patagonia Madryn\",\"description\":\"Radio Patagonia 105.5\",\"publisher\":{\"@id\":\"https:\\\/\\\/fmpatagoniamadryn.com.ar\\\/#organization\"},\"potentialAction\":[{\"@type\":\"SearchAction\",\"target\":{\"@type\":\"EntryPoint\",\"urlTemplate\":\"https:\\\/\\\/fmpatagoniamadryn.com.ar\\\/?s={search_term_string}\"},\"query-input\":{\"@type\":\"PropertyValueSpecification\",\"valueRequired\":true,\"valueName\":\"search_term_string\"}}],\"inLanguage\":\"es\"},{\"@type\":\"Organization\",\"@id\":\"https:\\\/\\\/fmpatagoniamadryn.com.ar\\\/#organization\",\"name\":\"FM Patagonia Madryn\",\"url\":\"https:\\\/\\\/fmpatagoniamadryn.com.ar\\\/\",\"logo\":{\"@type\":\"ImageObject\",\"inLanguage\":\"es\",\"@id\":\"https:\\\/\\\/fmpatagoniamadryn.com.ar\\\/#\\\/schema\\\/logo\\\/image\\\/\",\"url\":\"https:\\\/\\\/fmpatagoniamadryn.com.ar\\\/wp-content\\\/uploads\\\/2023\\\/01\\\/cropped-Diseno-sin-titulo.png\",\"contentUrl\":\"https:\\\/\\\/fmpatagoniamadryn.com.ar\\\/wp-content\\\/uploads\\\/2023\\\/01\\\/cropped-Diseno-sin-titulo.png\",\"width\":6911,\"height\":2657,\"caption\":\"FM Patagonia Madryn\"},\"image\":{\"@id\":\"https:\\\/\\\/fmpatagoniamadryn.com.ar\\\/#\\\/schema\\\/logo\\\/image\\\/\"}},{\"@type\":\"Person\",\"@id\":\"https:\\\/\\\/fmpatagoniamadryn.com.ar\\\/#\\\/schema\\\/person\\\/8a3de4ad7efceacab06c1641c50303b7\",\"name\":\"FM Patagonia\",\"url\":\"https:\\\/\\\/fmpatagoniamadryn.com.ar\\\/?author=2\"}]}<\/script>\n<!-- \/ Yoast SEO plugin. -->","yoast_head_json":{"title":"El oficialismo logr\u00f3 imponer su proyecto en la reforma de la ley de alquileres - FM Patagonia Madryn","robots":{"index":"index","follow":"follow","max-snippet":"max-snippet:-1","max-image-preview":"max-image-preview:large","max-video-preview":"max-video-preview:-1"},"canonical":"https:\/\/fmpatagoniamadryn.com.ar\/?p=6720","og_locale":"es_ES","og_type":"article","og_title":"El oficialismo logr\u00f3 imponer su proyecto en la reforma de la ley de alquileres - FM Patagonia Madryn","og_description":"La C\u00e1mara de Diputados convirti\u00f3 en ley, por 128 contra 114 votos, el proyecto de reforma de alquileres con los cambios incluidos por el Senado impulsados por el Frente de&hellip;","og_url":"https:\/\/fmpatagoniamadryn.com.ar\/?p=6720","og_site_name":"FM Patagonia Madryn","article_published_time":"2023-10-11T10:54:39+00:00","article_modified_time":"2023-10-11T10:56:08+00:00","og_image":[{"width":360,"height":202,"url":"https:\/\/fmpatagoniamadryn.com.ar\/wp-content\/uploads\/2023\/10\/602fb6a8ca57d_360_202.webp","type":"image\/webp"}],"author":"FM Patagonia","twitter_card":"summary_large_image","twitter_misc":{"Escrito por":"FM Patagonia","Tiempo de lectura":"5 minutos"},"schema":{"@context":"https:\/\/schema.org","@graph":[{"@type":"Article","@id":"https:\/\/fmpatagoniamadryn.com.ar\/?p=6720#article","isPartOf":{"@id":"https:\/\/fmpatagoniamadryn.com.ar\/?p=6720"},"author":{"name":"FM Patagonia","@id":"https:\/\/fmpatagoniamadryn.com.ar\/#\/schema\/person\/8a3de4ad7efceacab06c1641c50303b7"},"headline":"El oficialismo logr\u00f3 imponer su proyecto en la reforma de la ley de alquileres","datePublished":"2023-10-11T10:54:39+00:00","dateModified":"2023-10-11T10:56:08+00:00","mainEntityOfPage":{"@id":"https:\/\/fmpatagoniamadryn.com.ar\/?p=6720"},"wordCount":1021,"publisher":{"@id":"https:\/\/fmpatagoniamadryn.com.ar\/#organization"},"image":{"@id":"https:\/\/fmpatagoniamadryn.com.ar\/?p=6720#primaryimage"},"thumbnailUrl":"https:\/\/fmpatagoniamadryn.com.ar\/wp-content\/uploads\/2023\/10\/602fb6a8ca57d_360_202.webp","articleSection":["Nacionales"],"inLanguage":"es"},{"@type":"WebPage","@id":"https:\/\/fmpatagoniamadryn.com.ar\/?p=6720","url":"https:\/\/fmpatagoniamadryn.com.ar\/?p=6720","name":"El oficialismo logr\u00f3 imponer su proyecto en la reforma de la ley de alquileres - FM Patagonia Madryn","isPartOf":{"@id":"https:\/\/fmpatagoniamadryn.com.ar\/#website"},"primaryImageOfPage":{"@id":"https:\/\/fmpatagoniamadryn.com.ar\/?p=6720#primaryimage"},"image":{"@id":"https:\/\/fmpatagoniamadryn.com.ar\/?p=6720#primaryimage"},"thumbnailUrl":"https:\/\/fmpatagoniamadryn.com.ar\/wp-content\/uploads\/2023\/10\/602fb6a8ca57d_360_202.webp","datePublished":"2023-10-11T10:54:39+00:00","dateModified":"2023-10-11T10:56:08+00:00","breadcrumb":{"@id":"https:\/\/fmpatagoniamadryn.com.ar\/?p=6720#breadcrumb"},"inLanguage":"es","potentialAction":[{"@type":"ReadAction","target":["https:\/\/fmpatagoniamadryn.com.ar\/?p=6720"]}]},{"@type":"ImageObject","inLanguage":"es","@id":"https:\/\/fmpatagoniamadryn.com.ar\/?p=6720#primaryimage","url":"https:\/\/fmpatagoniamadryn.com.ar\/wp-content\/uploads\/2023\/10\/602fb6a8ca57d_360_202.webp","contentUrl":"https:\/\/fmpatagoniamadryn.com.ar\/wp-content\/uploads\/2023\/10\/602fb6a8ca57d_360_202.webp","width":360,"height":202},{"@type":"BreadcrumbList","@id":"https:\/\/fmpatagoniamadryn.com.ar\/?p=6720#breadcrumb","itemListElement":[{"@type":"ListItem","position":1,"name":"Portada","item":"https:\/\/fmpatagoniamadryn.com.ar\/"},{"@type":"ListItem","position":2,"name":"El oficialismo logr\u00f3 imponer su proyecto en la reforma de la ley de alquileres"}]},{"@type":"WebSite","@id":"https:\/\/fmpatagoniamadryn.com.ar\/#website","url":"https:\/\/fmpatagoniamadryn.com.ar\/","name":"FM Patagonia Madryn","description":"Radio Patagonia 105.5","publisher":{"@id":"https:\/\/fmpatagoniamadryn.com.ar\/#organization"},"potentialAction":[{"@type":"SearchAction","target":{"@type":"EntryPoint","urlTemplate":"https:\/\/fmpatagoniamadryn.com.ar\/?s={search_term_string}"},"query-input":{"@type":"PropertyValueSpecification","valueRequired":true,"valueName":"search_term_string"}}],"inLanguage":"es"},{"@type":"Organization","@id":"https:\/\/fmpatagoniamadryn.com.ar\/#organization","name":"FM Patagonia Madryn","url":"https:\/\/fmpatagoniamadryn.com.ar\/","logo":{"@type":"ImageObject","inLanguage":"es","@id":"https:\/\/fmpatagoniamadryn.com.ar\/#\/schema\/logo\/image\/","url":"https:\/\/fmpatagoniamadryn.com.ar\/wp-content\/uploads\/2023\/01\/cropped-Diseno-sin-titulo.png","contentUrl":"https:\/\/fmpatagoniamadryn.com.ar\/wp-content\/uploads\/2023\/01\/cropped-Diseno-sin-titulo.png","width":6911,"height":2657,"caption":"FM Patagonia Madryn"},"image":{"@id":"https:\/\/fmpatagoniamadryn.com.ar\/#\/schema\/logo\/image\/"}},{"@type":"Person","@id":"https:\/\/fmpatagoniamadryn.com.ar\/#\/schema\/person\/8a3de4ad7efceacab06c1641c50303b7","name":"FM Patagonia","url":"https:\/\/fmpatagoniamadryn.com.ar\/?author=2"}]}},"jetpack_featured_media_url":"https:\/\/fmpatagoniamadryn.com.ar\/wp-content\/uploads\/2023\/10\/602fb6a8ca57d_360_202.webp","_links":{"self":[{"href":"https:\/\/fmpatagoniamadryn.com.ar\/index.php?rest_route=\/wp\/v2\/posts\/6720","targetHints":{"allow":["GET"]}}],"collection":[{"href":"https:\/\/fmpatagoniamadryn.com.ar\/index.php?rest_route=\/wp\/v2\/posts"}],"about":[{"href":"https:\/\/fmpatagoniamadryn.com.ar\/index.php?rest_route=\/wp\/v2\/types\/post"}],"author":[{"embeddable":true,"href":"https:\/\/fmpatagoniamadryn.com.ar\/index.php?rest_route=\/wp\/v2\/users\/2"}],"replies":[{"embeddable":true,"href":"https:\/\/fmpatagoniamadryn.com.ar\/index.php?rest_route=%2Fwp%2Fv2%2Fcomments&post=6720"}],"version-history":[{"count":2,"href":"https:\/\/fmpatagoniamadryn.com.ar\/index.php?rest_route=\/wp\/v2\/posts\/6720\/revisions"}],"predecessor-version":[{"id":6722,"href":"https:\/\/fmpatagoniamadryn.com.ar\/index.php?rest_route=\/wp\/v2\/posts\/6720\/revisions\/6722"}],"wp:featuredmedia":[{"embeddable":true,"href":"https:\/\/fmpatagoniamadryn.com.ar\/index.php?rest_route=\/wp\/v2\/media\/6719"}],"wp:attachment":[{"href":"https:\/\/fmpatagoniamadryn.com.ar\/index.php?rest_route=%2Fwp%2Fv2%2Fmedia&parent=6720"}],"wp:term":[{"taxonomy":"category","embeddable":true,"href":"https:\/\/fmpatagoniamadryn.com.ar\/index.php?rest_route=%2Fwp%2Fv2%2Fcategories&post=6720"},{"taxonomy":"post_tag","embeddable":true,"href":"https:\/\/fmpatagoniamadryn.com.ar\/index.php?rest_route=%2Fwp%2Fv2%2Ftags&post=6720"}],"curies":[{"name":"wp","href":"https:\/\/api.w.org\/{rel}","templated":true}]}}