{"id":6778,"date":"2023-10-15T14:08:36","date_gmt":"2023-10-15T17:08:36","guid":{"rendered":"https:\/\/fmpatagoniamadryn.com.ar\/?p=6778"},"modified":"2023-10-15T14:08:49","modified_gmt":"2023-10-15T17:08:49","slug":"massa-agarren-la-boleta-que-tiene-la-bandera-argentina","status":"publish","type":"post","link":"https:\/\/fmpatagoniamadryn.com.ar\/?p=6778","title":{"rendered":"Massa: \u00abAgarren la boleta que tiene la bandera argentina\u00bb<br>"},"content":{"rendered":"\n<p><br>El ministro de Econom\u00eda y candidato a presidente asegur\u00f3 que, con el triunfo de Uni\u00f3n por la Patria, el 10 de diciembre \u00abvamos a poner en marcha un pa\u00eds donde el trabajo, la producci\u00f3n y la educaci\u00f3n sean los valores centrales\u00bb.<br><br>El ministro de Econom\u00eda y candidato a presidente por Uni\u00f3n por la Patria (UxP), Sergio Massa, pidi\u00f3 que en las pr\u00f3ximas elecciones los argentinos \u00abvayan con esperanza a la urna\u00bb y \u00abagarren la boleta que tiene la bandera celeste y blanca\u00bb, mientras que afirm\u00f3 que el 10 de diciembre \u00abvamos a poner en marcha un pa\u00eds donde el trabajo, la producci\u00f3n y la educaci\u00f3n sean los valores centrales\u00bb.<br><br>\u00abEspero que los argentinos vayan con esperanza a la urna y que no voten con odio o enojo y agarren la boleta que tiene la bandera celeste y blanca. La bandera celeste y blanca por sobre todas las cosas\u00bb, dijo Massa en declaraciones al canal C5N cuando se retiraba de grabar el programa \u00abLa noche de Mirtha\u00bb, que conduce Mirtha Legrand, que se emitir\u00e1 este domingo por Canal 13.<br><br>Acompa\u00f1ado por su esposa y titular de AySA, Malena Galmarini, brome\u00f3 al decir que \u00abconvenci\u00f3\u00bb a Legrand de votarlo.<br><br>\u00abUn poco yo y otro poco Moria, creo que la convencimos a Mirtha\u00bb, sostuvo en alusi\u00f3n a Cas\u00e1n, quien tambi\u00e9n comparti\u00f3 la grabaci\u00f3n del programa, y asegur\u00f3 que el 10 de diciembre \u00abvamos a poner en marcha un pa\u00eds donde el trabajo, la producci\u00f3n y la educaci\u00f3n sean los valores centrales\u00bb.<br><br>Por otra parte, se refiri\u00f3 a los allanamientos y detenciones realizadas en los \u00faltimos d\u00edas por compraventa ilegal de divisas y dijo que \u00abya hubo seis detenciones. El lunes y martes de la semana que viene van a seguir los allanamientos y habr\u00e1 prohibiciones para salir del pa\u00eds\u00bb.<br><br>\u00abM\u00e1s all\u00e1 de lo que representa la cuesti\u00f3n medi\u00e1tica, lo que tiene que haber es c\u00e1rcel y ejemplificaci\u00f3n sobre la gente que especula contra el ahorro de las y los argentinos\u00bb, expres\u00f3.<br><br>Tambi\u00e9n fue consultado sobre la designaci\u00f3n del jefe de Gobierno porte\u00f1o, Horacio Rodr\u00edguez Larreta como jefe de Gabinete de Patricia Bullrich en caso de que gane las elecciones.<br><br>\u00abPara comer a la liebre primero hay que cazarla\u00bb, expres\u00f3 Massa como respuesta.<br><br>Massa compartir\u00e1 el programa de ma\u00f1ana con Galmarini y Moria Cas\u00e1n, actual pareja de Fernando \u00abPato\u00bb Galmarini, suegro del ministro de Econom\u00eda.<\/p>\n\n\n\n<p>Telam<\/p>\n","protected":false},"excerpt":{"rendered":"<p>El ministro de Econom\u00eda y candidato a presidente asegur\u00f3 que, con el triunfo de Uni\u00f3n por la Patria, el 10 de diciembre \u00abvamos a poner en marcha un pa\u00eds donde&hellip; <\/p>\n","protected":false},"author":2,"featured_media":6777,"comment_status":"closed","ping_status":"closed","sticky":false,"template":"","format":"standard","meta":{"footnotes":""},"categories":[2],"tags":[],"class_list":["post-6778","post","type-post","status-publish","format-standard","has-post-thumbnail","hentry","category-politica"],"yoast_head":"<!-- This site is optimized with the Yoast SEO plugin v27.5 - https:\/\/yoast.com\/product\/yoast-seo-wordpress\/ -->\n<title>Massa: &quot;Agarren la boleta que tiene la bandera argentina&quot; - FM Patagonia Madryn<\/title>\n<meta name=\"robots\" content=\"index, follow, max-snippet:-1, max-image-preview:large, max-video-preview:-1\" \/>\n<link rel=\"canonical\" href=\"https:\/\/fmpatagoniamadryn.com.ar\/?p=6778\" \/>\n<meta property=\"og:locale\" content=\"es_ES\" \/>\n<meta property=\"og:type\" content=\"article\" \/>\n<meta property=\"og:title\" content=\"Massa: &quot;Agarren la boleta que tiene la bandera argentina&quot; - FM Patagonia Madryn\" \/>\n<meta property=\"og:description\" content=\"El ministro de Econom\u00eda y candidato a presidente asegur\u00f3 que, con el triunfo de Uni\u00f3n por la Patria, el 10 de diciembre \u00abvamos a poner en marcha un pa\u00eds donde&hellip;\" \/>\n<meta property=\"og:url\" content=\"https:\/\/fmpatagoniamadryn.com.ar\/?p=6778\" \/>\n<meta property=\"og:site_name\" content=\"FM Patagonia Madryn\" \/>\n<meta property=\"article:published_time\" content=\"2023-10-15T17:08:36+00:00\" \/>\n<meta property=\"article:modified_time\" content=\"2023-10-15T17:08:49+00:00\" \/>\n<meta property=\"og:image\" content=\"https:\/\/fmpatagoniamadryn.com.ar\/wp-content\/uploads\/2023\/10\/65171ab040252_450.jpg\" \/>\n\t<meta property=\"og:image:width\" content=\"450\" \/>\n\t<meta property=\"og:image:height\" content=\"253\" \/>\n\t<meta property=\"og:image:type\" content=\"image\/jpeg\" \/>\n<meta name=\"author\" content=\"FM Patagonia\" \/>\n<meta name=\"twitter:card\" content=\"summary_large_image\" \/>\n<meta name=\"twitter:label1\" content=\"Escrito por\" \/>\n\t<meta name=\"twitter:data1\" content=\"FM Patagonia\" \/>\n\t<meta name=\"twitter:label2\" content=\"Tiempo de lectura\" \/>\n\t<meta name=\"twitter:data2\" content=\"2 minutos\" \/>\n<script type=\"application\/ld+json\" class=\"yoast-schema-graph\">{\"@context\":\"https:\\\/\\\/schema.org\",\"@graph\":[{\"@type\":\"Article\",\"@id\":\"https:\\\/\\\/fmpatagoniamadryn.com.ar\\\/?p=6778#article\",\"isPartOf\":{\"@id\":\"https:\\\/\\\/fmpatagoniamadryn.com.ar\\\/?p=6778\"},\"author\":{\"name\":\"FM Patagonia\",\"@id\":\"https:\\\/\\\/fmpatagoniamadryn.com.ar\\\/#\\\/schema\\\/person\\\/8a3de4ad7efceacab06c1641c50303b7\"},\"headline\":\"Massa: \u00abAgarren la boleta que tiene la bandera argentina\u00bb\",\"datePublished\":\"2023-10-15T17:08:36+00:00\",\"dateModified\":\"2023-10-15T17:08:49+00:00\",\"mainEntityOfPage\":{\"@id\":\"https:\\\/\\\/fmpatagoniamadryn.com.ar\\\/?p=6778\"},\"wordCount\":431,\"publisher\":{\"@id\":\"https:\\\/\\\/fmpatagoniamadryn.com.ar\\\/#organization\"},\"image\":{\"@id\":\"https:\\\/\\\/fmpatagoniamadryn.com.ar\\\/?p=6778#primaryimage\"},\"thumbnailUrl\":\"https:\\\/\\\/fmpatagoniamadryn.com.ar\\\/wp-content\\\/uploads\\\/2023\\\/10\\\/65171ab040252_450.jpg\",\"articleSection\":[\"Pol\u00edtica\"],\"inLanguage\":\"es\"},{\"@type\":\"WebPage\",\"@id\":\"https:\\\/\\\/fmpatagoniamadryn.com.ar\\\/?p=6778\",\"url\":\"https:\\\/\\\/fmpatagoniamadryn.com.ar\\\/?p=6778\",\"name\":\"Massa: \\\"Agarren la boleta que tiene la bandera argentina\\\" - FM Patagonia Madryn\",\"isPartOf\":{\"@id\":\"https:\\\/\\\/fmpatagoniamadryn.com.ar\\\/#website\"},\"primaryImageOfPage\":{\"@id\":\"https:\\\/\\\/fmpatagoniamadryn.com.ar\\\/?p=6778#primaryimage\"},\"image\":{\"@id\":\"https:\\\/\\\/fmpatagoniamadryn.com.ar\\\/?p=6778#primaryimage\"},\"thumbnailUrl\":\"https:\\\/\\\/fmpatagoniamadryn.com.ar\\\/wp-content\\\/uploads\\\/2023\\\/10\\\/65171ab040252_450.jpg\",\"datePublished\":\"2023-10-15T17:08:36+00:00\",\"dateModified\":\"2023-10-15T17:08:49+00:00\",\"breadcrumb\":{\"@id\":\"https:\\\/\\\/fmpatagoniamadryn.com.ar\\\/?p=6778#breadcrumb\"},\"inLanguage\":\"es\",\"potentialAction\":[{\"@type\":\"ReadAction\",\"target\":[\"https:\\\/\\\/fmpatagoniamadryn.com.ar\\\/?p=6778\"]}]},{\"@type\":\"ImageObject\",\"inLanguage\":\"es\",\"@id\":\"https:\\\/\\\/fmpatagoniamadryn.com.ar\\\/?p=6778#primaryimage\",\"url\":\"https:\\\/\\\/fmpatagoniamadryn.com.ar\\\/wp-content\\\/uploads\\\/2023\\\/10\\\/65171ab040252_450.jpg\",\"contentUrl\":\"https:\\\/\\\/fmpatagoniamadryn.com.ar\\\/wp-content\\\/uploads\\\/2023\\\/10\\\/65171ab040252_450.jpg\",\"width\":450,\"height\":253},{\"@type\":\"BreadcrumbList\",\"@id\":\"https:\\\/\\\/fmpatagoniamadryn.com.ar\\\/?p=6778#breadcrumb\",\"itemListElement\":[{\"@type\":\"ListItem\",\"position\":1,\"name\":\"Portada\",\"item\":\"https:\\\/\\\/fmpatagoniamadryn.com.ar\\\/\"},{\"@type\":\"ListItem\",\"position\":2,\"name\":\"Massa: \u00abAgarren la boleta que tiene la bandera argentina\u00bb\"}]},{\"@type\":\"WebSite\",\"@id\":\"https:\\\/\\\/fmpatagoniamadryn.com.ar\\\/#website\",\"url\":\"https:\\\/\\\/fmpatagoniamadryn.com.ar\\\/\",\"name\":\"FM Patagonia Madryn\",\"description\":\"Radio Patagonia 105.5\",\"publisher\":{\"@id\":\"https:\\\/\\\/fmpatagoniamadryn.com.ar\\\/#organization\"},\"potentialAction\":[{\"@type\":\"SearchAction\",\"target\":{\"@type\":\"EntryPoint\",\"urlTemplate\":\"https:\\\/\\\/fmpatagoniamadryn.com.ar\\\/?s={search_term_string}\"},\"query-input\":{\"@type\":\"PropertyValueSpecification\",\"valueRequired\":true,\"valueName\":\"search_term_string\"}}],\"inLanguage\":\"es\"},{\"@type\":\"Organization\",\"@id\":\"https:\\\/\\\/fmpatagoniamadryn.com.ar\\\/#organization\",\"name\":\"FM Patagonia Madryn\",\"url\":\"https:\\\/\\\/fmpatagoniamadryn.com.ar\\\/\",\"logo\":{\"@type\":\"ImageObject\",\"inLanguage\":\"es\",\"@id\":\"https:\\\/\\\/fmpatagoniamadryn.com.ar\\\/#\\\/schema\\\/logo\\\/image\\\/\",\"url\":\"https:\\\/\\\/fmpatagoniamadryn.com.ar\\\/wp-content\\\/uploads\\\/2023\\\/01\\\/cropped-Diseno-sin-titulo.png\",\"contentUrl\":\"https:\\\/\\\/fmpatagoniamadryn.com.ar\\\/wp-content\\\/uploads\\\/2023\\\/01\\\/cropped-Diseno-sin-titulo.png\",\"width\":6911,\"height\":2657,\"caption\":\"FM Patagonia Madryn\"},\"image\":{\"@id\":\"https:\\\/\\\/fmpatagoniamadryn.com.ar\\\/#\\\/schema\\\/logo\\\/image\\\/\"}},{\"@type\":\"Person\",\"@id\":\"https:\\\/\\\/fmpatagoniamadryn.com.ar\\\/#\\\/schema\\\/person\\\/8a3de4ad7efceacab06c1641c50303b7\",\"name\":\"FM Patagonia\",\"url\":\"https:\\\/\\\/fmpatagoniamadryn.com.ar\\\/?author=2\"}]}<\/script>\n<!-- \/ Yoast SEO plugin. -->","yoast_head_json":{"title":"Massa: \"Agarren la boleta que tiene la bandera argentina\" - FM Patagonia Madryn","robots":{"index":"index","follow":"follow","max-snippet":"max-snippet:-1","max-image-preview":"max-image-preview:large","max-video-preview":"max-video-preview:-1"},"canonical":"https:\/\/fmpatagoniamadryn.com.ar\/?p=6778","og_locale":"es_ES","og_type":"article","og_title":"Massa: \"Agarren la boleta que tiene la bandera argentina\" - FM Patagonia Madryn","og_description":"El ministro de Econom\u00eda y candidato a presidente asegur\u00f3 que, con el triunfo de Uni\u00f3n por la Patria, el 10 de diciembre \u00abvamos a poner en marcha un pa\u00eds donde&hellip;","og_url":"https:\/\/fmpatagoniamadryn.com.ar\/?p=6778","og_site_name":"FM Patagonia Madryn","article_published_time":"2023-10-15T17:08:36+00:00","article_modified_time":"2023-10-15T17:08:49+00:00","og_image":[{"width":450,"height":253,"url":"https:\/\/fmpatagoniamadryn.com.ar\/wp-content\/uploads\/2023\/10\/65171ab040252_450.jpg","type":"image\/jpeg"}],"author":"FM Patagonia","twitter_card":"summary_large_image","twitter_misc":{"Escrito por":"FM Patagonia","Tiempo de lectura":"2 minutos"},"schema":{"@context":"https:\/\/schema.org","@graph":[{"@type":"Article","@id":"https:\/\/fmpatagoniamadryn.com.ar\/?p=6778#article","isPartOf":{"@id":"https:\/\/fmpatagoniamadryn.com.ar\/?p=6778"},"author":{"name":"FM Patagonia","@id":"https:\/\/fmpatagoniamadryn.com.ar\/#\/schema\/person\/8a3de4ad7efceacab06c1641c50303b7"},"headline":"Massa: \u00abAgarren la boleta que tiene la bandera argentina\u00bb","datePublished":"2023-10-15T17:08:36+00:00","dateModified":"2023-10-15T17:08:49+00:00","mainEntityOfPage":{"@id":"https:\/\/fmpatagoniamadryn.com.ar\/?p=6778"},"wordCount":431,"publisher":{"@id":"https:\/\/fmpatagoniamadryn.com.ar\/#organization"},"image":{"@id":"https:\/\/fmpatagoniamadryn.com.ar\/?p=6778#primaryimage"},"thumbnailUrl":"https:\/\/fmpatagoniamadryn.com.ar\/wp-content\/uploads\/2023\/10\/65171ab040252_450.jpg","articleSection":["Pol\u00edtica"],"inLanguage":"es"},{"@type":"WebPage","@id":"https:\/\/fmpatagoniamadryn.com.ar\/?p=6778","url":"https:\/\/fmpatagoniamadryn.com.ar\/?p=6778","name":"Massa: \"Agarren la boleta que tiene la bandera argentina\" - FM Patagonia Madryn","isPartOf":{"@id":"https:\/\/fmpatagoniamadryn.com.ar\/#website"},"primaryImageOfPage":{"@id":"https:\/\/fmpatagoniamadryn.com.ar\/?p=6778#primaryimage"},"image":{"@id":"https:\/\/fmpatagoniamadryn.com.ar\/?p=6778#primaryimage"},"thumbnailUrl":"https:\/\/fmpatagoniamadryn.com.ar\/wp-content\/uploads\/2023\/10\/65171ab040252_450.jpg","datePublished":"2023-10-15T17:08:36+00:00","dateModified":"2023-10-15T17:08:49+00:00","breadcrumb":{"@id":"https:\/\/fmpatagoniamadryn.com.ar\/?p=6778#breadcrumb"},"inLanguage":"es","potentialAction":[{"@type":"ReadAction","target":["https:\/\/fmpatagoniamadryn.com.ar\/?p=6778"]}]},{"@type":"ImageObject","inLanguage":"es","@id":"https:\/\/fmpatagoniamadryn.com.ar\/?p=6778#primaryimage","url":"https:\/\/fmpatagoniamadryn.com.ar\/wp-content\/uploads\/2023\/10\/65171ab040252_450.jpg","contentUrl":"https:\/\/fmpatagoniamadryn.com.ar\/wp-content\/uploads\/2023\/10\/65171ab040252_450.jpg","width":450,"height":253},{"@type":"BreadcrumbList","@id":"https:\/\/fmpatagoniamadryn.com.ar\/?p=6778#breadcrumb","itemListElement":[{"@type":"ListItem","position":1,"name":"Portada","item":"https:\/\/fmpatagoniamadryn.com.ar\/"},{"@type":"ListItem","position":2,"name":"Massa: \u00abAgarren la boleta que tiene la bandera argentina\u00bb"}]},{"@type":"WebSite","@id":"https:\/\/fmpatagoniamadryn.com.ar\/#website","url":"https:\/\/fmpatagoniamadryn.com.ar\/","name":"FM Patagonia Madryn","description":"Radio Patagonia 105.5","publisher":{"@id":"https:\/\/fmpatagoniamadryn.com.ar\/#organization"},"potentialAction":[{"@type":"SearchAction","target":{"@type":"EntryPoint","urlTemplate":"https:\/\/fmpatagoniamadryn.com.ar\/?s={search_term_string}"},"query-input":{"@type":"PropertyValueSpecification","valueRequired":true,"valueName":"search_term_string"}}],"inLanguage":"es"},{"@type":"Organization","@id":"https:\/\/fmpatagoniamadryn.com.ar\/#organization","name":"FM Patagonia Madryn","url":"https:\/\/fmpatagoniamadryn.com.ar\/","logo":{"@type":"ImageObject","inLanguage":"es","@id":"https:\/\/fmpatagoniamadryn.com.ar\/#\/schema\/logo\/image\/","url":"https:\/\/fmpatagoniamadryn.com.ar\/wp-content\/uploads\/2023\/01\/cropped-Diseno-sin-titulo.png","contentUrl":"https:\/\/fmpatagoniamadryn.com.ar\/wp-content\/uploads\/2023\/01\/cropped-Diseno-sin-titulo.png","width":6911,"height":2657,"caption":"FM Patagonia Madryn"},"image":{"@id":"https:\/\/fmpatagoniamadryn.com.ar\/#\/schema\/logo\/image\/"}},{"@type":"Person","@id":"https:\/\/fmpatagoniamadryn.com.ar\/#\/schema\/person\/8a3de4ad7efceacab06c1641c50303b7","name":"FM Patagonia","url":"https:\/\/fmpatagoniamadryn.com.ar\/?author=2"}]}},"jetpack_featured_media_url":"https:\/\/fmpatagoniamadryn.com.ar\/wp-content\/uploads\/2023\/10\/65171ab040252_450.jpg","_links":{"self":[{"href":"https:\/\/fmpatagoniamadryn.com.ar\/index.php?rest_route=\/wp\/v2\/posts\/6778","targetHints":{"allow":["GET"]}}],"collection":[{"href":"https:\/\/fmpatagoniamadryn.com.ar\/index.php?rest_route=\/wp\/v2\/posts"}],"about":[{"href":"https:\/\/fmpatagoniamadryn.com.ar\/index.php?rest_route=\/wp\/v2\/types\/post"}],"author":[{"embeddable":true,"href":"https:\/\/fmpatagoniamadryn.com.ar\/index.php?rest_route=\/wp\/v2\/users\/2"}],"replies":[{"embeddable":true,"href":"https:\/\/fmpatagoniamadryn.com.ar\/index.php?rest_route=%2Fwp%2Fv2%2Fcomments&post=6778"}],"version-history":[{"count":1,"href":"https:\/\/fmpatagoniamadryn.com.ar\/index.php?rest_route=\/wp\/v2\/posts\/6778\/revisions"}],"predecessor-version":[{"id":6779,"href":"https:\/\/fmpatagoniamadryn.com.ar\/index.php?rest_route=\/wp\/v2\/posts\/6778\/revisions\/6779"}],"wp:featuredmedia":[{"embeddable":true,"href":"https:\/\/fmpatagoniamadryn.com.ar\/index.php?rest_route=\/wp\/v2\/media\/6777"}],"wp:attachment":[{"href":"https:\/\/fmpatagoniamadryn.com.ar\/index.php?rest_route=%2Fwp%2Fv2%2Fmedia&parent=6778"}],"wp:term":[{"taxonomy":"category","embeddable":true,"href":"https:\/\/fmpatagoniamadryn.com.ar\/index.php?rest_route=%2Fwp%2Fv2%2Fcategories&post=6778"},{"taxonomy":"post_tag","embeddable":true,"href":"https:\/\/fmpatagoniamadryn.com.ar\/index.php?rest_route=%2Fwp%2Fv2%2Ftags&post=6778"}],"curies":[{"name":"wp","href":"https:\/\/api.w.org\/{rel}","templated":true}]}}