{"id":6781,"date":"2023-10-15T19:30:32","date_gmt":"2023-10-15T22:30:32","guid":{"rendered":"https:\/\/fmpatagoniamadryn.com.ar\/?p=6781"},"modified":"2023-10-15T19:30:58","modified_gmt":"2023-10-15T22:30:58","slug":"sastre-participo-de-la-reapertura-del-salon-emilio-harriaga-del-centro-de-pensionados-y-jubilados-de-puerto-madryn","status":"publish","type":"post","link":"https:\/\/fmpatagoniamadryn.com.ar\/?p=6781","title":{"rendered":"SASTRE PARTICIP\u00d3 DE LA REAPERTURA DEL SAL\u00d3N \u201cEMILIO HARRIAGA\u201d DEL CENTRO DE PENSIONADOS Y JUBILADOS DE PUERTO MADRYN"},"content":{"rendered":"\n<p><br><br>El Intendente puso en valor los trabajos realizados para renovar uno de los sectores m\u00e1s importantes en la historia cultural de nuestra ciudad, donde comenzar\u00e1 a funcionar un servicio de t\u00e9 gal\u00e9s<br><br><br>El intendente Gustavo Sastre estuvo presente en el Centro de Pensionados y Jubilados de Puerto Madryn, donde se reabri\u00f3 el sal\u00f3n \u201cEmilio Harriaga\u201d. En dicha oportunidad, los integrantes de este espacio agradecieron el respaldo constante del Jefe Comunal, quien ratific\u00f3 que continuar\u00e1 apoy\u00e1ndolos en todo lo que este a su alcance.<br><br>El Centro de Pensionados y Jubilados de Puerto Madryn se fund\u00f3 en el a\u00f1o 1981 por su primer presidente, Jorge Hansen. En tanto, a comienzos de 1997, con la presidencia de Atilio Torres, se construy\u00f3 el sal\u00f3n mencionado, d\u00e1ndole uso como confiter\u00eda. Actualmente, lleva el nombre de uno de los que se puso al hombro la construcci\u00f3n de este sal\u00f3n y dem\u00e1s espacios.<br><br>Apoyo constante<br><br>Al respecto, el Intendente dijo: \u201cMeses atr\u00e1s hab\u00edamos visitado el Centro de Pensionados y Jubilados de Puerto Madryn, a quienes los felicitamos por mantener vivo uno de los espacios hist\u00f3ricos de nuestra ciudad. Recorrerlo actualmente y ver los trabajos que han realizado para renovarlo nos llena de orgullo y satisfacci\u00f3n\u201d.<br><br>En este mismo sentido, el Jefe Comunal remarc\u00f3: \u201cDesde esta gesti\u00f3n siempre hemos apoyado a este tipo de entidades, ya que entendemos que cumplen un rol social y cultural fundamental. En esta misma sinton\u00eda vamos a continuar y estaremos siempre a predisposici\u00f3n para acompa\u00f1arlos en todo lo que est\u00e9 a nuestro alcance\u201d.<br><br>Los presentes<br><br>En la reapertura del nuevo sal\u00f3n, Sastre estuvo acompa\u00f1ado por el secretario de Gobierno y viceintendente electo, Mart\u00edn Ebene; la presidenta del Centro de Pensionados y Jubilados de Puerto Madryn, Peggy Rodr\u00edguez; el subsecretario de Cultura, Diego Lacunza, e integrantes del espacio.<\/p>\n","protected":false},"excerpt":{"rendered":"<p>El Intendente puso en valor los trabajos realizados para renovar uno de los sectores m\u00e1s importantes en la historia cultural de nuestra ciudad, donde comenzar\u00e1 a funcionar un servicio de&hellip; <\/p>\n","protected":false},"author":2,"featured_media":6780,"comment_status":"closed","ping_status":"closed","sticky":false,"template":"","format":"standard","meta":{"footnotes":""},"categories":[15],"tags":[],"class_list":["post-6781","post","type-post","status-publish","format-standard","has-post-thumbnail","hentry","category-locales"],"yoast_head":"<!-- This site is optimized with the Yoast SEO plugin v27.5 - https:\/\/yoast.com\/product\/yoast-seo-wordpress\/ -->\n<title>SASTRE PARTICIP\u00d3 DE LA REAPERTURA DEL SAL\u00d3N \u201cEMILIO HARRIAGA\u201d DEL CENTRO DE PENSIONADOS Y JUBILADOS DE PUERTO MADRYN - FM Patagonia Madryn<\/title>\n<meta name=\"robots\" content=\"index, follow, max-snippet:-1, max-image-preview:large, max-video-preview:-1\" \/>\n<link rel=\"canonical\" href=\"https:\/\/fmpatagoniamadryn.com.ar\/?p=6781\" \/>\n<meta property=\"og:locale\" content=\"es_ES\" \/>\n<meta property=\"og:type\" content=\"article\" \/>\n<meta property=\"og:title\" content=\"SASTRE PARTICIP\u00d3 DE LA REAPERTURA DEL SAL\u00d3N \u201cEMILIO HARRIAGA\u201d DEL CENTRO DE PENSIONADOS Y JUBILADOS DE PUERTO MADRYN - FM Patagonia Madryn\" \/>\n<meta property=\"og:description\" content=\"El Intendente puso en valor los trabajos realizados para renovar uno de los sectores m\u00e1s importantes en la historia cultural de nuestra ciudad, donde comenzar\u00e1 a funcionar un servicio de&hellip;\" \/>\n<meta property=\"og:url\" content=\"https:\/\/fmpatagoniamadryn.com.ar\/?p=6781\" \/>\n<meta property=\"og:site_name\" content=\"FM Patagonia Madryn\" \/>\n<meta property=\"article:published_time\" content=\"2023-10-15T22:30:32+00:00\" \/>\n<meta property=\"article:modified_time\" content=\"2023-10-15T22:30:58+00:00\" \/>\n<meta property=\"og:image\" content=\"https:\/\/fmpatagoniamadryn.com.ar\/wp-content\/uploads\/2023\/10\/IMG_3043-scaled.jpg\" \/>\n\t<meta property=\"og:image:width\" content=\"2560\" \/>\n\t<meta property=\"og:image:height\" content=\"1600\" \/>\n\t<meta property=\"og:image:type\" content=\"image\/jpeg\" \/>\n<meta name=\"author\" content=\"FM Patagonia\" \/>\n<meta name=\"twitter:card\" content=\"summary_large_image\" \/>\n<meta name=\"twitter:label1\" content=\"Escrito por\" \/>\n\t<meta name=\"twitter:data1\" content=\"FM Patagonia\" \/>\n\t<meta name=\"twitter:label2\" content=\"Tiempo de lectura\" \/>\n\t<meta name=\"twitter:data2\" content=\"2 minutos\" \/>\n<script type=\"application\/ld+json\" class=\"yoast-schema-graph\">{\"@context\":\"https:\\\/\\\/schema.org\",\"@graph\":[{\"@type\":\"Article\",\"@id\":\"https:\\\/\\\/fmpatagoniamadryn.com.ar\\\/?p=6781#article\",\"isPartOf\":{\"@id\":\"https:\\\/\\\/fmpatagoniamadryn.com.ar\\\/?p=6781\"},\"author\":{\"name\":\"FM Patagonia\",\"@id\":\"https:\\\/\\\/fmpatagoniamadryn.com.ar\\\/#\\\/schema\\\/person\\\/8a3de4ad7efceacab06c1641c50303b7\"},\"headline\":\"SASTRE PARTICIP\u00d3 DE LA REAPERTURA DEL SAL\u00d3N \u201cEMILIO HARRIAGA\u201d DEL CENTRO DE PENSIONADOS Y JUBILADOS DE PUERTO MADRYN\",\"datePublished\":\"2023-10-15T22:30:32+00:00\",\"dateModified\":\"2023-10-15T22:30:58+00:00\",\"mainEntityOfPage\":{\"@id\":\"https:\\\/\\\/fmpatagoniamadryn.com.ar\\\/?p=6781\"},\"wordCount\":334,\"publisher\":{\"@id\":\"https:\\\/\\\/fmpatagoniamadryn.com.ar\\\/#organization\"},\"image\":{\"@id\":\"https:\\\/\\\/fmpatagoniamadryn.com.ar\\\/?p=6781#primaryimage\"},\"thumbnailUrl\":\"https:\\\/\\\/fmpatagoniamadryn.com.ar\\\/wp-content\\\/uploads\\\/2023\\\/10\\\/IMG_3043-scaled.jpg\",\"articleSection\":[\"Locales\"],\"inLanguage\":\"es\"},{\"@type\":\"WebPage\",\"@id\":\"https:\\\/\\\/fmpatagoniamadryn.com.ar\\\/?p=6781\",\"url\":\"https:\\\/\\\/fmpatagoniamadryn.com.ar\\\/?p=6781\",\"name\":\"SASTRE PARTICIP\u00d3 DE LA REAPERTURA DEL SAL\u00d3N \u201cEMILIO HARRIAGA\u201d DEL CENTRO DE PENSIONADOS Y JUBILADOS DE PUERTO MADRYN - FM Patagonia Madryn\",\"isPartOf\":{\"@id\":\"https:\\\/\\\/fmpatagoniamadryn.com.ar\\\/#website\"},\"primaryImageOfPage\":{\"@id\":\"https:\\\/\\\/fmpatagoniamadryn.com.ar\\\/?p=6781#primaryimage\"},\"image\":{\"@id\":\"https:\\\/\\\/fmpatagoniamadryn.com.ar\\\/?p=6781#primaryimage\"},\"thumbnailUrl\":\"https:\\\/\\\/fmpatagoniamadryn.com.ar\\\/wp-content\\\/uploads\\\/2023\\\/10\\\/IMG_3043-scaled.jpg\",\"datePublished\":\"2023-10-15T22:30:32+00:00\",\"dateModified\":\"2023-10-15T22:30:58+00:00\",\"breadcrumb\":{\"@id\":\"https:\\\/\\\/fmpatagoniamadryn.com.ar\\\/?p=6781#breadcrumb\"},\"inLanguage\":\"es\",\"potentialAction\":[{\"@type\":\"ReadAction\",\"target\":[\"https:\\\/\\\/fmpatagoniamadryn.com.ar\\\/?p=6781\"]}]},{\"@type\":\"ImageObject\",\"inLanguage\":\"es\",\"@id\":\"https:\\\/\\\/fmpatagoniamadryn.com.ar\\\/?p=6781#primaryimage\",\"url\":\"https:\\\/\\\/fmpatagoniamadryn.com.ar\\\/wp-content\\\/uploads\\\/2023\\\/10\\\/IMG_3043-scaled.jpg\",\"contentUrl\":\"https:\\\/\\\/fmpatagoniamadryn.com.ar\\\/wp-content\\\/uploads\\\/2023\\\/10\\\/IMG_3043-scaled.jpg\",\"width\":2560,\"height\":1600},{\"@type\":\"BreadcrumbList\",\"@id\":\"https:\\\/\\\/fmpatagoniamadryn.com.ar\\\/?p=6781#breadcrumb\",\"itemListElement\":[{\"@type\":\"ListItem\",\"position\":1,\"name\":\"Portada\",\"item\":\"https:\\\/\\\/fmpatagoniamadryn.com.ar\\\/\"},{\"@type\":\"ListItem\",\"position\":2,\"name\":\"SASTRE PARTICIP\u00d3 DE LA REAPERTURA DEL SAL\u00d3N \u201cEMILIO HARRIAGA\u201d DEL CENTRO DE PENSIONADOS Y JUBILADOS DE PUERTO MADRYN\"}]},{\"@type\":\"WebSite\",\"@id\":\"https:\\\/\\\/fmpatagoniamadryn.com.ar\\\/#website\",\"url\":\"https:\\\/\\\/fmpatagoniamadryn.com.ar\\\/\",\"name\":\"FM Patagonia Madryn\",\"description\":\"Radio Patagonia 105.5\",\"publisher\":{\"@id\":\"https:\\\/\\\/fmpatagoniamadryn.com.ar\\\/#organization\"},\"potentialAction\":[{\"@type\":\"SearchAction\",\"target\":{\"@type\":\"EntryPoint\",\"urlTemplate\":\"https:\\\/\\\/fmpatagoniamadryn.com.ar\\\/?s={search_term_string}\"},\"query-input\":{\"@type\":\"PropertyValueSpecification\",\"valueRequired\":true,\"valueName\":\"search_term_string\"}}],\"inLanguage\":\"es\"},{\"@type\":\"Organization\",\"@id\":\"https:\\\/\\\/fmpatagoniamadryn.com.ar\\\/#organization\",\"name\":\"FM Patagonia Madryn\",\"url\":\"https:\\\/\\\/fmpatagoniamadryn.com.ar\\\/\",\"logo\":{\"@type\":\"ImageObject\",\"inLanguage\":\"es\",\"@id\":\"https:\\\/\\\/fmpatagoniamadryn.com.ar\\\/#\\\/schema\\\/logo\\\/image\\\/\",\"url\":\"https:\\\/\\\/fmpatagoniamadryn.com.ar\\\/wp-content\\\/uploads\\\/2023\\\/01\\\/cropped-Diseno-sin-titulo.png\",\"contentUrl\":\"https:\\\/\\\/fmpatagoniamadryn.com.ar\\\/wp-content\\\/uploads\\\/2023\\\/01\\\/cropped-Diseno-sin-titulo.png\",\"width\":6911,\"height\":2657,\"caption\":\"FM Patagonia Madryn\"},\"image\":{\"@id\":\"https:\\\/\\\/fmpatagoniamadryn.com.ar\\\/#\\\/schema\\\/logo\\\/image\\\/\"}},{\"@type\":\"Person\",\"@id\":\"https:\\\/\\\/fmpatagoniamadryn.com.ar\\\/#\\\/schema\\\/person\\\/8a3de4ad7efceacab06c1641c50303b7\",\"name\":\"FM Patagonia\",\"url\":\"https:\\\/\\\/fmpatagoniamadryn.com.ar\\\/?author=2\"}]}<\/script>\n<!-- \/ Yoast SEO plugin. -->","yoast_head_json":{"title":"SASTRE PARTICIP\u00d3 DE LA REAPERTURA DEL SAL\u00d3N \u201cEMILIO HARRIAGA\u201d DEL CENTRO DE PENSIONADOS Y JUBILADOS DE PUERTO MADRYN - FM Patagonia Madryn","robots":{"index":"index","follow":"follow","max-snippet":"max-snippet:-1","max-image-preview":"max-image-preview:large","max-video-preview":"max-video-preview:-1"},"canonical":"https:\/\/fmpatagoniamadryn.com.ar\/?p=6781","og_locale":"es_ES","og_type":"article","og_title":"SASTRE PARTICIP\u00d3 DE LA REAPERTURA DEL SAL\u00d3N \u201cEMILIO HARRIAGA\u201d DEL CENTRO DE PENSIONADOS Y JUBILADOS DE PUERTO MADRYN - FM Patagonia Madryn","og_description":"El Intendente puso en valor los trabajos realizados para renovar uno de los sectores m\u00e1s importantes en la historia cultural de nuestra ciudad, donde comenzar\u00e1 a funcionar un servicio de&hellip;","og_url":"https:\/\/fmpatagoniamadryn.com.ar\/?p=6781","og_site_name":"FM Patagonia Madryn","article_published_time":"2023-10-15T22:30:32+00:00","article_modified_time":"2023-10-15T22:30:58+00:00","og_image":[{"width":2560,"height":1600,"url":"https:\/\/fmpatagoniamadryn.com.ar\/wp-content\/uploads\/2023\/10\/IMG_3043-scaled.jpg","type":"image\/jpeg"}],"author":"FM Patagonia","twitter_card":"summary_large_image","twitter_misc":{"Escrito por":"FM Patagonia","Tiempo de lectura":"2 minutos"},"schema":{"@context":"https:\/\/schema.org","@graph":[{"@type":"Article","@id":"https:\/\/fmpatagoniamadryn.com.ar\/?p=6781#article","isPartOf":{"@id":"https:\/\/fmpatagoniamadryn.com.ar\/?p=6781"},"author":{"name":"FM Patagonia","@id":"https:\/\/fmpatagoniamadryn.com.ar\/#\/schema\/person\/8a3de4ad7efceacab06c1641c50303b7"},"headline":"SASTRE PARTICIP\u00d3 DE LA REAPERTURA DEL SAL\u00d3N \u201cEMILIO HARRIAGA\u201d DEL CENTRO DE PENSIONADOS Y JUBILADOS DE PUERTO MADRYN","datePublished":"2023-10-15T22:30:32+00:00","dateModified":"2023-10-15T22:30:58+00:00","mainEntityOfPage":{"@id":"https:\/\/fmpatagoniamadryn.com.ar\/?p=6781"},"wordCount":334,"publisher":{"@id":"https:\/\/fmpatagoniamadryn.com.ar\/#organization"},"image":{"@id":"https:\/\/fmpatagoniamadryn.com.ar\/?p=6781#primaryimage"},"thumbnailUrl":"https:\/\/fmpatagoniamadryn.com.ar\/wp-content\/uploads\/2023\/10\/IMG_3043-scaled.jpg","articleSection":["Locales"],"inLanguage":"es"},{"@type":"WebPage","@id":"https:\/\/fmpatagoniamadryn.com.ar\/?p=6781","url":"https:\/\/fmpatagoniamadryn.com.ar\/?p=6781","name":"SASTRE PARTICIP\u00d3 DE LA REAPERTURA DEL SAL\u00d3N \u201cEMILIO HARRIAGA\u201d DEL CENTRO DE PENSIONADOS Y JUBILADOS DE PUERTO MADRYN - FM Patagonia Madryn","isPartOf":{"@id":"https:\/\/fmpatagoniamadryn.com.ar\/#website"},"primaryImageOfPage":{"@id":"https:\/\/fmpatagoniamadryn.com.ar\/?p=6781#primaryimage"},"image":{"@id":"https:\/\/fmpatagoniamadryn.com.ar\/?p=6781#primaryimage"},"thumbnailUrl":"https:\/\/fmpatagoniamadryn.com.ar\/wp-content\/uploads\/2023\/10\/IMG_3043-scaled.jpg","datePublished":"2023-10-15T22:30:32+00:00","dateModified":"2023-10-15T22:30:58+00:00","breadcrumb":{"@id":"https:\/\/fmpatagoniamadryn.com.ar\/?p=6781#breadcrumb"},"inLanguage":"es","potentialAction":[{"@type":"ReadAction","target":["https:\/\/fmpatagoniamadryn.com.ar\/?p=6781"]}]},{"@type":"ImageObject","inLanguage":"es","@id":"https:\/\/fmpatagoniamadryn.com.ar\/?p=6781#primaryimage","url":"https:\/\/fmpatagoniamadryn.com.ar\/wp-content\/uploads\/2023\/10\/IMG_3043-scaled.jpg","contentUrl":"https:\/\/fmpatagoniamadryn.com.ar\/wp-content\/uploads\/2023\/10\/IMG_3043-scaled.jpg","width":2560,"height":1600},{"@type":"BreadcrumbList","@id":"https:\/\/fmpatagoniamadryn.com.ar\/?p=6781#breadcrumb","itemListElement":[{"@type":"ListItem","position":1,"name":"Portada","item":"https:\/\/fmpatagoniamadryn.com.ar\/"},{"@type":"ListItem","position":2,"name":"SASTRE PARTICIP\u00d3 DE LA REAPERTURA DEL SAL\u00d3N \u201cEMILIO HARRIAGA\u201d DEL CENTRO DE PENSIONADOS Y JUBILADOS DE PUERTO MADRYN"}]},{"@type":"WebSite","@id":"https:\/\/fmpatagoniamadryn.com.ar\/#website","url":"https:\/\/fmpatagoniamadryn.com.ar\/","name":"FM Patagonia Madryn","description":"Radio Patagonia 105.5","publisher":{"@id":"https:\/\/fmpatagoniamadryn.com.ar\/#organization"},"potentialAction":[{"@type":"SearchAction","target":{"@type":"EntryPoint","urlTemplate":"https:\/\/fmpatagoniamadryn.com.ar\/?s={search_term_string}"},"query-input":{"@type":"PropertyValueSpecification","valueRequired":true,"valueName":"search_term_string"}}],"inLanguage":"es"},{"@type":"Organization","@id":"https:\/\/fmpatagoniamadryn.com.ar\/#organization","name":"FM Patagonia Madryn","url":"https:\/\/fmpatagoniamadryn.com.ar\/","logo":{"@type":"ImageObject","inLanguage":"es","@id":"https:\/\/fmpatagoniamadryn.com.ar\/#\/schema\/logo\/image\/","url":"https:\/\/fmpatagoniamadryn.com.ar\/wp-content\/uploads\/2023\/01\/cropped-Diseno-sin-titulo.png","contentUrl":"https:\/\/fmpatagoniamadryn.com.ar\/wp-content\/uploads\/2023\/01\/cropped-Diseno-sin-titulo.png","width":6911,"height":2657,"caption":"FM Patagonia Madryn"},"image":{"@id":"https:\/\/fmpatagoniamadryn.com.ar\/#\/schema\/logo\/image\/"}},{"@type":"Person","@id":"https:\/\/fmpatagoniamadryn.com.ar\/#\/schema\/person\/8a3de4ad7efceacab06c1641c50303b7","name":"FM Patagonia","url":"https:\/\/fmpatagoniamadryn.com.ar\/?author=2"}]}},"jetpack_featured_media_url":"https:\/\/fmpatagoniamadryn.com.ar\/wp-content\/uploads\/2023\/10\/IMG_3043-scaled.jpg","_links":{"self":[{"href":"https:\/\/fmpatagoniamadryn.com.ar\/index.php?rest_route=\/wp\/v2\/posts\/6781","targetHints":{"allow":["GET"]}}],"collection":[{"href":"https:\/\/fmpatagoniamadryn.com.ar\/index.php?rest_route=\/wp\/v2\/posts"}],"about":[{"href":"https:\/\/fmpatagoniamadryn.com.ar\/index.php?rest_route=\/wp\/v2\/types\/post"}],"author":[{"embeddable":true,"href":"https:\/\/fmpatagoniamadryn.com.ar\/index.php?rest_route=\/wp\/v2\/users\/2"}],"replies":[{"embeddable":true,"href":"https:\/\/fmpatagoniamadryn.com.ar\/index.php?rest_route=%2Fwp%2Fv2%2Fcomments&post=6781"}],"version-history":[{"count":1,"href":"https:\/\/fmpatagoniamadryn.com.ar\/index.php?rest_route=\/wp\/v2\/posts\/6781\/revisions"}],"predecessor-version":[{"id":6782,"href":"https:\/\/fmpatagoniamadryn.com.ar\/index.php?rest_route=\/wp\/v2\/posts\/6781\/revisions\/6782"}],"wp:featuredmedia":[{"embeddable":true,"href":"https:\/\/fmpatagoniamadryn.com.ar\/index.php?rest_route=\/wp\/v2\/media\/6780"}],"wp:attachment":[{"href":"https:\/\/fmpatagoniamadryn.com.ar\/index.php?rest_route=%2Fwp%2Fv2%2Fmedia&parent=6781"}],"wp:term":[{"taxonomy":"category","embeddable":true,"href":"https:\/\/fmpatagoniamadryn.com.ar\/index.php?rest_route=%2Fwp%2Fv2%2Fcategories&post=6781"},{"taxonomy":"post_tag","embeddable":true,"href":"https:\/\/fmpatagoniamadryn.com.ar\/index.php?rest_route=%2Fwp%2Fv2%2Ftags&post=6781"}],"curies":[{"name":"wp","href":"https:\/\/api.w.org\/{rel}","templated":true}]}}