{"id":6796,"date":"2023-10-16T12:55:56","date_gmt":"2023-10-16T15:55:56","guid":{"rendered":"https:\/\/fmpatagoniamadryn.com.ar\/?p=6796"},"modified":"2023-10-16T12:58:18","modified_gmt":"2023-10-16T15:58:18","slug":"provincia-acompano-una-nueva-edicion-de-la-expo-bovina-en-esquel","status":"publish","type":"post","link":"https:\/\/fmpatagoniamadryn.com.ar\/?p=6796","title":{"rendered":"Provincia acompa\u00f1\u00f3 una nueva edici\u00f3n de la \u201cExpo Bovina\u201d en Esquel"},"content":{"rendered":"\n<p>En representaci\u00f3n del Gobierno del Chubut, el ministro de Agricultura, Ganader\u00eda, Industria y Comercio, Leandro Cavaco, particip\u00f3 este domingo por la tarde del acto central de la exposici\u00f3n bovina de la Sociedad Rural Esquel.<br><br>En un complejo rural colmado de productores y trabajadores del campo tuvo lugar hoy, pasadas las 14.30 horas, la tradicional ceremonia inaugural de esta importante muestra ganadera que re\u00fane la mejor gen\u00e9tica patag\u00f3nica de las razas Hereford y Angus.  <br><br>Asisti\u00f3 el responsable de la Sociedad Rural Esquel, Oscar De Knollseisen; el titular de la Federaci\u00f3n de Sociedades Rurales del Chubut, Leonardo Jones; y el intendente electo, Mat\u00edas Taccetta.<br><br>Al hacer uso de la palabra, el ministro Cavaco transmiti\u00f3 el cordial y afectuoso saludo del Gobernador de la Provincia, Mariano Arcioni, quien por compromisos asumidos con anticipaci\u00f3n no pudo estar presente esta tarde en la Rural.<br><br>El funcionario provincial hizo un repaso de los \u00faltimos cuatro a\u00f1os de gesti\u00f3n y dijo que se consiguieron muchas mejoras para el campo pese a haber transitado situaciones complejas, emergencias clim\u00e1ticas, incendios, plagas y la pandemia del coronavirus.<br><br>Destac\u00f3 que en un \u201ctrabajo codo a codo con el sector productivo logramos cosas de relevancia que trascender\u00e1n los gobiernos de turno\u201d y, en ese contexto, mencion\u00f3 el documento \u00fanico de tr\u00e1nsito, la encuesta digital pecuaria y la ley ganadera.<br><br>Respecto a la encuesta digital pecuaria, explic\u00f3 que antes el sistema era engorroso. \u201cAhora tenemos informaci\u00f3n trazable que nos permite tomar decisiones m\u00e1s precisas y saber qu\u00e9 sucede en cada establecimiento de la provincia\u201d, manifest\u00f3.<br><br>Valor\u00f3, a su vez, que las gestiones de la Provincia y los productores ante el Gobierno Nacional \u201chan dado sus resultados\u201d, se\u00f1alando como ejemplo la implementaci\u00f3n del Plan Lanar a trav\u00e9s del cual \u201chemos recibido 200 millones de pesos\u201d.<\/p>\n","protected":false},"excerpt":{"rendered":"<p>En representaci\u00f3n del Gobierno del Chubut, el ministro de Agricultura, Ganader\u00eda, Industria y Comercio, Leandro Cavaco, particip\u00f3 este domingo por la tarde del acto central de la exposici\u00f3n bovina de&hellip; <\/p>\n","protected":false},"author":3,"featured_media":6795,"comment_status":"closed","ping_status":"closed","sticky":false,"template":"","format":"standard","meta":{"footnotes":""},"categories":[14],"tags":[],"class_list":["post-6796","post","type-post","status-publish","format-standard","has-post-thumbnail","hentry","category-provinciales"],"yoast_head":"<!-- This site is optimized with the Yoast SEO plugin v27.5 - https:\/\/yoast.com\/product\/yoast-seo-wordpress\/ -->\n<title>Provincia acompa\u00f1\u00f3 una nueva edici\u00f3n de la \u201cExpo Bovina\u201d en Esquel - FM Patagonia Madryn<\/title>\n<meta name=\"robots\" content=\"index, follow, max-snippet:-1, max-image-preview:large, max-video-preview:-1\" \/>\n<link rel=\"canonical\" href=\"https:\/\/fmpatagoniamadryn.com.ar\/?p=6796\" \/>\n<meta property=\"og:locale\" content=\"es_ES\" \/>\n<meta property=\"og:type\" content=\"article\" \/>\n<meta property=\"og:title\" content=\"Provincia acompa\u00f1\u00f3 una nueva edici\u00f3n de la \u201cExpo Bovina\u201d en Esquel - FM Patagonia Madryn\" \/>\n<meta property=\"og:description\" content=\"En representaci\u00f3n del Gobierno del Chubut, el ministro de Agricultura, Ganader\u00eda, Industria y Comercio, Leandro Cavaco, particip\u00f3 este domingo por la tarde del acto central de la exposici\u00f3n bovina de&hellip;\" \/>\n<meta property=\"og:url\" content=\"https:\/\/fmpatagoniamadryn.com.ar\/?p=6796\" \/>\n<meta property=\"og:site_name\" content=\"FM Patagonia Madryn\" \/>\n<meta property=\"article:published_time\" content=\"2023-10-16T15:55:56+00:00\" \/>\n<meta property=\"article:modified_time\" content=\"2023-10-16T15:58:18+00:00\" \/>\n<meta property=\"og:image\" content=\"https:\/\/fmpatagoniamadryn.com.ar\/wp-content\/uploads\/2023\/10\/rural5.jpg\" \/>\n\t<meta property=\"og:image:width\" content=\"1248\" \/>\n\t<meta property=\"og:image:height\" content=\"725\" \/>\n\t<meta property=\"og:image:type\" content=\"image\/jpeg\" \/>\n<meta name=\"author\" content=\"FM Patagonia\" \/>\n<meta name=\"twitter:card\" content=\"summary_large_image\" \/>\n<meta name=\"twitter:label1\" content=\"Escrito por\" \/>\n\t<meta name=\"twitter:data1\" content=\"FM Patagonia\" \/>\n\t<meta name=\"twitter:label2\" content=\"Tiempo de lectura\" \/>\n\t<meta name=\"twitter:data2\" content=\"2 minutos\" \/>\n<script type=\"application\/ld+json\" class=\"yoast-schema-graph\">{\"@context\":\"https:\\\/\\\/schema.org\",\"@graph\":[{\"@type\":\"Article\",\"@id\":\"https:\\\/\\\/fmpatagoniamadryn.com.ar\\\/?p=6796#article\",\"isPartOf\":{\"@id\":\"https:\\\/\\\/fmpatagoniamadryn.com.ar\\\/?p=6796\"},\"author\":{\"name\":\"FM Patagonia\",\"@id\":\"https:\\\/\\\/fmpatagoniamadryn.com.ar\\\/#\\\/schema\\\/person\\\/1d968ec613613768e14b4e6420a2b125\"},\"headline\":\"Provincia acompa\u00f1\u00f3 una nueva edici\u00f3n de la \u201cExpo Bovina\u201d en Esquel\",\"datePublished\":\"2023-10-16T15:55:56+00:00\",\"dateModified\":\"2023-10-16T15:58:18+00:00\",\"mainEntityOfPage\":{\"@id\":\"https:\\\/\\\/fmpatagoniamadryn.com.ar\\\/?p=6796\"},\"wordCount\":320,\"publisher\":{\"@id\":\"https:\\\/\\\/fmpatagoniamadryn.com.ar\\\/#organization\"},\"image\":{\"@id\":\"https:\\\/\\\/fmpatagoniamadryn.com.ar\\\/?p=6796#primaryimage\"},\"thumbnailUrl\":\"https:\\\/\\\/fmpatagoniamadryn.com.ar\\\/wp-content\\\/uploads\\\/2023\\\/10\\\/rural5.jpg\",\"articleSection\":[\"Provinciales\"],\"inLanguage\":\"es\"},{\"@type\":\"WebPage\",\"@id\":\"https:\\\/\\\/fmpatagoniamadryn.com.ar\\\/?p=6796\",\"url\":\"https:\\\/\\\/fmpatagoniamadryn.com.ar\\\/?p=6796\",\"name\":\"Provincia acompa\u00f1\u00f3 una nueva edici\u00f3n de la \u201cExpo Bovina\u201d en Esquel - FM Patagonia Madryn\",\"isPartOf\":{\"@id\":\"https:\\\/\\\/fmpatagoniamadryn.com.ar\\\/#website\"},\"primaryImageOfPage\":{\"@id\":\"https:\\\/\\\/fmpatagoniamadryn.com.ar\\\/?p=6796#primaryimage\"},\"image\":{\"@id\":\"https:\\\/\\\/fmpatagoniamadryn.com.ar\\\/?p=6796#primaryimage\"},\"thumbnailUrl\":\"https:\\\/\\\/fmpatagoniamadryn.com.ar\\\/wp-content\\\/uploads\\\/2023\\\/10\\\/rural5.jpg\",\"datePublished\":\"2023-10-16T15:55:56+00:00\",\"dateModified\":\"2023-10-16T15:58:18+00:00\",\"breadcrumb\":{\"@id\":\"https:\\\/\\\/fmpatagoniamadryn.com.ar\\\/?p=6796#breadcrumb\"},\"inLanguage\":\"es\",\"potentialAction\":[{\"@type\":\"ReadAction\",\"target\":[\"https:\\\/\\\/fmpatagoniamadryn.com.ar\\\/?p=6796\"]}]},{\"@type\":\"ImageObject\",\"inLanguage\":\"es\",\"@id\":\"https:\\\/\\\/fmpatagoniamadryn.com.ar\\\/?p=6796#primaryimage\",\"url\":\"https:\\\/\\\/fmpatagoniamadryn.com.ar\\\/wp-content\\\/uploads\\\/2023\\\/10\\\/rural5.jpg\",\"contentUrl\":\"https:\\\/\\\/fmpatagoniamadryn.com.ar\\\/wp-content\\\/uploads\\\/2023\\\/10\\\/rural5.jpg\",\"width\":1248,\"height\":725},{\"@type\":\"BreadcrumbList\",\"@id\":\"https:\\\/\\\/fmpatagoniamadryn.com.ar\\\/?p=6796#breadcrumb\",\"itemListElement\":[{\"@type\":\"ListItem\",\"position\":1,\"name\":\"Portada\",\"item\":\"https:\\\/\\\/fmpatagoniamadryn.com.ar\\\/\"},{\"@type\":\"ListItem\",\"position\":2,\"name\":\"Provincia acompa\u00f1\u00f3 una nueva edici\u00f3n de la \u201cExpo Bovina\u201d en Esquel\"}]},{\"@type\":\"WebSite\",\"@id\":\"https:\\\/\\\/fmpatagoniamadryn.com.ar\\\/#website\",\"url\":\"https:\\\/\\\/fmpatagoniamadryn.com.ar\\\/\",\"name\":\"FM Patagonia Madryn\",\"description\":\"Radio Patagonia 105.5\",\"publisher\":{\"@id\":\"https:\\\/\\\/fmpatagoniamadryn.com.ar\\\/#organization\"},\"potentialAction\":[{\"@type\":\"SearchAction\",\"target\":{\"@type\":\"EntryPoint\",\"urlTemplate\":\"https:\\\/\\\/fmpatagoniamadryn.com.ar\\\/?s={search_term_string}\"},\"query-input\":{\"@type\":\"PropertyValueSpecification\",\"valueRequired\":true,\"valueName\":\"search_term_string\"}}],\"inLanguage\":\"es\"},{\"@type\":\"Organization\",\"@id\":\"https:\\\/\\\/fmpatagoniamadryn.com.ar\\\/#organization\",\"name\":\"FM Patagonia Madryn\",\"url\":\"https:\\\/\\\/fmpatagoniamadryn.com.ar\\\/\",\"logo\":{\"@type\":\"ImageObject\",\"inLanguage\":\"es\",\"@id\":\"https:\\\/\\\/fmpatagoniamadryn.com.ar\\\/#\\\/schema\\\/logo\\\/image\\\/\",\"url\":\"https:\\\/\\\/fmpatagoniamadryn.com.ar\\\/wp-content\\\/uploads\\\/2023\\\/01\\\/cropped-Diseno-sin-titulo.png\",\"contentUrl\":\"https:\\\/\\\/fmpatagoniamadryn.com.ar\\\/wp-content\\\/uploads\\\/2023\\\/01\\\/cropped-Diseno-sin-titulo.png\",\"width\":6911,\"height\":2657,\"caption\":\"FM Patagonia Madryn\"},\"image\":{\"@id\":\"https:\\\/\\\/fmpatagoniamadryn.com.ar\\\/#\\\/schema\\\/logo\\\/image\\\/\"}},{\"@type\":\"Person\",\"@id\":\"https:\\\/\\\/fmpatagoniamadryn.com.ar\\\/#\\\/schema\\\/person\\\/1d968ec613613768e14b4e6420a2b125\",\"name\":\"FM Patagonia\",\"url\":\"https:\\\/\\\/fmpatagoniamadryn.com.ar\\\/?author=3\"}]}<\/script>\n<!-- \/ Yoast SEO plugin. -->","yoast_head_json":{"title":"Provincia acompa\u00f1\u00f3 una nueva edici\u00f3n de la \u201cExpo Bovina\u201d en Esquel - FM Patagonia Madryn","robots":{"index":"index","follow":"follow","max-snippet":"max-snippet:-1","max-image-preview":"max-image-preview:large","max-video-preview":"max-video-preview:-1"},"canonical":"https:\/\/fmpatagoniamadryn.com.ar\/?p=6796","og_locale":"es_ES","og_type":"article","og_title":"Provincia acompa\u00f1\u00f3 una nueva edici\u00f3n de la \u201cExpo Bovina\u201d en Esquel - FM Patagonia Madryn","og_description":"En representaci\u00f3n del Gobierno del Chubut, el ministro de Agricultura, Ganader\u00eda, Industria y Comercio, Leandro Cavaco, particip\u00f3 este domingo por la tarde del acto central de la exposici\u00f3n bovina de&hellip;","og_url":"https:\/\/fmpatagoniamadryn.com.ar\/?p=6796","og_site_name":"FM Patagonia Madryn","article_published_time":"2023-10-16T15:55:56+00:00","article_modified_time":"2023-10-16T15:58:18+00:00","og_image":[{"width":1248,"height":725,"url":"https:\/\/fmpatagoniamadryn.com.ar\/wp-content\/uploads\/2023\/10\/rural5.jpg","type":"image\/jpeg"}],"author":"FM Patagonia","twitter_card":"summary_large_image","twitter_misc":{"Escrito por":"FM Patagonia","Tiempo de lectura":"2 minutos"},"schema":{"@context":"https:\/\/schema.org","@graph":[{"@type":"Article","@id":"https:\/\/fmpatagoniamadryn.com.ar\/?p=6796#article","isPartOf":{"@id":"https:\/\/fmpatagoniamadryn.com.ar\/?p=6796"},"author":{"name":"FM Patagonia","@id":"https:\/\/fmpatagoniamadryn.com.ar\/#\/schema\/person\/1d968ec613613768e14b4e6420a2b125"},"headline":"Provincia acompa\u00f1\u00f3 una nueva edici\u00f3n de la \u201cExpo Bovina\u201d en Esquel","datePublished":"2023-10-16T15:55:56+00:00","dateModified":"2023-10-16T15:58:18+00:00","mainEntityOfPage":{"@id":"https:\/\/fmpatagoniamadryn.com.ar\/?p=6796"},"wordCount":320,"publisher":{"@id":"https:\/\/fmpatagoniamadryn.com.ar\/#organization"},"image":{"@id":"https:\/\/fmpatagoniamadryn.com.ar\/?p=6796#primaryimage"},"thumbnailUrl":"https:\/\/fmpatagoniamadryn.com.ar\/wp-content\/uploads\/2023\/10\/rural5.jpg","articleSection":["Provinciales"],"inLanguage":"es"},{"@type":"WebPage","@id":"https:\/\/fmpatagoniamadryn.com.ar\/?p=6796","url":"https:\/\/fmpatagoniamadryn.com.ar\/?p=6796","name":"Provincia acompa\u00f1\u00f3 una nueva edici\u00f3n de la \u201cExpo Bovina\u201d en Esquel - FM Patagonia Madryn","isPartOf":{"@id":"https:\/\/fmpatagoniamadryn.com.ar\/#website"},"primaryImageOfPage":{"@id":"https:\/\/fmpatagoniamadryn.com.ar\/?p=6796#primaryimage"},"image":{"@id":"https:\/\/fmpatagoniamadryn.com.ar\/?p=6796#primaryimage"},"thumbnailUrl":"https:\/\/fmpatagoniamadryn.com.ar\/wp-content\/uploads\/2023\/10\/rural5.jpg","datePublished":"2023-10-16T15:55:56+00:00","dateModified":"2023-10-16T15:58:18+00:00","breadcrumb":{"@id":"https:\/\/fmpatagoniamadryn.com.ar\/?p=6796#breadcrumb"},"inLanguage":"es","potentialAction":[{"@type":"ReadAction","target":["https:\/\/fmpatagoniamadryn.com.ar\/?p=6796"]}]},{"@type":"ImageObject","inLanguage":"es","@id":"https:\/\/fmpatagoniamadryn.com.ar\/?p=6796#primaryimage","url":"https:\/\/fmpatagoniamadryn.com.ar\/wp-content\/uploads\/2023\/10\/rural5.jpg","contentUrl":"https:\/\/fmpatagoniamadryn.com.ar\/wp-content\/uploads\/2023\/10\/rural5.jpg","width":1248,"height":725},{"@type":"BreadcrumbList","@id":"https:\/\/fmpatagoniamadryn.com.ar\/?p=6796#breadcrumb","itemListElement":[{"@type":"ListItem","position":1,"name":"Portada","item":"https:\/\/fmpatagoniamadryn.com.ar\/"},{"@type":"ListItem","position":2,"name":"Provincia acompa\u00f1\u00f3 una nueva edici\u00f3n de la \u201cExpo Bovina\u201d en Esquel"}]},{"@type":"WebSite","@id":"https:\/\/fmpatagoniamadryn.com.ar\/#website","url":"https:\/\/fmpatagoniamadryn.com.ar\/","name":"FM Patagonia Madryn","description":"Radio Patagonia 105.5","publisher":{"@id":"https:\/\/fmpatagoniamadryn.com.ar\/#organization"},"potentialAction":[{"@type":"SearchAction","target":{"@type":"EntryPoint","urlTemplate":"https:\/\/fmpatagoniamadryn.com.ar\/?s={search_term_string}"},"query-input":{"@type":"PropertyValueSpecification","valueRequired":true,"valueName":"search_term_string"}}],"inLanguage":"es"},{"@type":"Organization","@id":"https:\/\/fmpatagoniamadryn.com.ar\/#organization","name":"FM Patagonia Madryn","url":"https:\/\/fmpatagoniamadryn.com.ar\/","logo":{"@type":"ImageObject","inLanguage":"es","@id":"https:\/\/fmpatagoniamadryn.com.ar\/#\/schema\/logo\/image\/","url":"https:\/\/fmpatagoniamadryn.com.ar\/wp-content\/uploads\/2023\/01\/cropped-Diseno-sin-titulo.png","contentUrl":"https:\/\/fmpatagoniamadryn.com.ar\/wp-content\/uploads\/2023\/01\/cropped-Diseno-sin-titulo.png","width":6911,"height":2657,"caption":"FM Patagonia Madryn"},"image":{"@id":"https:\/\/fmpatagoniamadryn.com.ar\/#\/schema\/logo\/image\/"}},{"@type":"Person","@id":"https:\/\/fmpatagoniamadryn.com.ar\/#\/schema\/person\/1d968ec613613768e14b4e6420a2b125","name":"FM Patagonia","url":"https:\/\/fmpatagoniamadryn.com.ar\/?author=3"}]}},"jetpack_featured_media_url":"https:\/\/fmpatagoniamadryn.com.ar\/wp-content\/uploads\/2023\/10\/rural5.jpg","_links":{"self":[{"href":"https:\/\/fmpatagoniamadryn.com.ar\/index.php?rest_route=\/wp\/v2\/posts\/6796","targetHints":{"allow":["GET"]}}],"collection":[{"href":"https:\/\/fmpatagoniamadryn.com.ar\/index.php?rest_route=\/wp\/v2\/posts"}],"about":[{"href":"https:\/\/fmpatagoniamadryn.com.ar\/index.php?rest_route=\/wp\/v2\/types\/post"}],"author":[{"embeddable":true,"href":"https:\/\/fmpatagoniamadryn.com.ar\/index.php?rest_route=\/wp\/v2\/users\/3"}],"replies":[{"embeddable":true,"href":"https:\/\/fmpatagoniamadryn.com.ar\/index.php?rest_route=%2Fwp%2Fv2%2Fcomments&post=6796"}],"version-history":[{"count":1,"href":"https:\/\/fmpatagoniamadryn.com.ar\/index.php?rest_route=\/wp\/v2\/posts\/6796\/revisions"}],"predecessor-version":[{"id":6797,"href":"https:\/\/fmpatagoniamadryn.com.ar\/index.php?rest_route=\/wp\/v2\/posts\/6796\/revisions\/6797"}],"wp:featuredmedia":[{"embeddable":true,"href":"https:\/\/fmpatagoniamadryn.com.ar\/index.php?rest_route=\/wp\/v2\/media\/6795"}],"wp:attachment":[{"href":"https:\/\/fmpatagoniamadryn.com.ar\/index.php?rest_route=%2Fwp%2Fv2%2Fmedia&parent=6796"}],"wp:term":[{"taxonomy":"category","embeddable":true,"href":"https:\/\/fmpatagoniamadryn.com.ar\/index.php?rest_route=%2Fwp%2Fv2%2Fcategories&post=6796"},{"taxonomy":"post_tag","embeddable":true,"href":"https:\/\/fmpatagoniamadryn.com.ar\/index.php?rest_route=%2Fwp%2Fv2%2Ftags&post=6796"}],"curies":[{"name":"wp","href":"https:\/\/api.w.org\/{rel}","templated":true}]}}