{"id":6895,"date":"2023-10-21T15:47:34","date_gmt":"2023-10-21T18:47:34","guid":{"rendered":"https:\/\/fmpatagoniamadryn.com.ar\/?p=6895"},"modified":"2023-10-21T15:47:45","modified_gmt":"2023-10-21T18:47:45","slug":"provincia-organizo-un-taller-de-pintura-en-el-centro-cultural-provincial-en-rawson","status":"publish","type":"post","link":"https:\/\/fmpatagoniamadryn.com.ar\/?p=6895","title":{"rendered":"Provincia organiz\u00f3 un taller de pintura en el Centro Cultural Provincial en Rawson"},"content":{"rendered":"\n<p>La actividad cont\u00f3 con una visita guiada a la Muestra de Pintura, Dibujos y Grabados que est\u00e1 expuesta en el Centro Cultural Provincial en Rawson hasta el 3 de noviembre.<br><br>El Gobierno del Chubut, a trav\u00e9s de la Subsecretar\u00eda de Cultura, llev\u00f3 adelante un taller de pintura para integrantes del Centro de Estimulaci\u00f3n Temprana \u201cComienzos\u201d de Rawson, para personas con discapacidad.<br><br>El grupo visit\u00f3 la Muestra de Pinturas, Dibujos y Grabados del artista pl\u00e1stico Diego Corso Muscia, que se expone de lunes a viernes de 8 a 19 en el Centro Cultural Provincial en Rawson con entrada libre y gratuita.<br><br>Participaron de la actividad una veintena de j\u00f3venes que recorri\u00f3 la muestra para luego trabajar con sus propias im\u00e1genes y recrear lo que vieron en pancartas grandes, con la ayuda del artista pl\u00e1stico de Trelew.<br><br>Sobre esto, el artista pl\u00e1stico coment\u00f3 que \u201cla habilidad y facilidad que tienen para trabajar, la s\u00edntesis y la construcci\u00f3n de composici\u00f3n y las formas abstractas que logran ellos, es envidiable\u201d.<br><br>Diego Corso Muscia afirm\u00f3 que \u201chay que aprovechar y ver c\u00f3mo les dispara a ellos toda esa creatividad en base a lo que observan\u201d al tiempo que celebr\u00f3 que se realicen estas actividades desde el Estado Provincial ya que al compartir este tipo de experiencias todos aprenden.<br><br>El artista se mostr\u00f3 satisfecho ya que \u201ctienen (los estudiantes) la habilidad de ense\u00f1arte mucho porque habitan otro espacio de comprensi\u00f3n dentro de la est\u00e9tica, nada m\u00e1s necesitan peque\u00f1os disparadores, que son las posibilidades que uno les da al decirles \u2018vos sos capaz de poder expresarte como quieras\u2019, lo que les da mucha libertad\u201d.<br><br>Para finalizar, el artista pl\u00e1stico trelewense Diego Corso Muscia agradeci\u00f3 a la Secretar\u00eda de Ciencia, Tecnolog\u00eda, Innovaci\u00f3n Productiva y Cultura de la Provincia por la convocatoria firmando que el Centro Cultural Provincial \u201cnos pertenece como sociedad y es un espacio hermoso\u201d.<br><br>\u201cInvitamos a que vengan a correr las muestras y las actividades que aqu\u00ed se realizan, que est\u00e1n siempre a disposici\u00f3n del p\u00fablico y que son lugares donde hay que integrarse y hacernos participes porque estos trabajos enriquecen nuestra cultural y nuestra identidad\u201d, dijo.<br><br>Por otro lado, se invita al p\u00fablico en general a participar el lunes 23 de octubre en un Taller de Pintura abierto al p\u00fablico en general desde las 9 hasta las 12, donde se debatir\u00e1 e intercambiar\u00e1n ideas entre los presentes.<\/p>\n","protected":false},"excerpt":{"rendered":"<p>La actividad cont\u00f3 con una visita guiada a la Muestra de Pintura, Dibujos y Grabados que est\u00e1 expuesta en el Centro Cultural Provincial en Rawson hasta el 3 de noviembre.&hellip; <\/p>\n","protected":false},"author":3,"featured_media":6894,"comment_status":"closed","ping_status":"closed","sticky":false,"template":"","format":"standard","meta":{"footnotes":""},"categories":[14],"tags":[],"class_list":["post-6895","post","type-post","status-publish","format-standard","has-post-thumbnail","hentry","category-provinciales"],"yoast_head":"<!-- This site is optimized with the Yoast SEO plugin v27.5 - https:\/\/yoast.com\/product\/yoast-seo-wordpress\/ -->\n<title>Provincia organiz\u00f3 un taller de pintura en el Centro Cultural Provincial en Rawson - FM Patagonia Madryn<\/title>\n<meta name=\"robots\" content=\"index, follow, max-snippet:-1, max-image-preview:large, max-video-preview:-1\" \/>\n<link rel=\"canonical\" href=\"https:\/\/fmpatagoniamadryn.com.ar\/?p=6895\" \/>\n<meta property=\"og:locale\" content=\"es_ES\" \/>\n<meta property=\"og:type\" content=\"article\" \/>\n<meta property=\"og:title\" content=\"Provincia organiz\u00f3 un taller de pintura en el Centro Cultural Provincial en Rawson - FM Patagonia Madryn\" \/>\n<meta property=\"og:description\" content=\"La actividad cont\u00f3 con una visita guiada a la Muestra de Pintura, Dibujos y Grabados que est\u00e1 expuesta en el Centro Cultural Provincial en Rawson hasta el 3 de noviembre.&hellip;\" \/>\n<meta property=\"og:url\" content=\"https:\/\/fmpatagoniamadryn.com.ar\/?p=6895\" \/>\n<meta property=\"og:site_name\" content=\"FM Patagonia Madryn\" \/>\n<meta property=\"article:published_time\" content=\"2023-10-21T18:47:34+00:00\" \/>\n<meta property=\"article:modified_time\" content=\"2023-10-21T18:47:45+00:00\" \/>\n<meta property=\"og:image\" content=\"https:\/\/fmpatagoniamadryn.com.ar\/wp-content\/uploads\/2023\/10\/20-10-taller-en-el-CCP-1.jpg\" \/>\n\t<meta property=\"og:image:width\" content=\"960\" \/>\n\t<meta property=\"og:image:height\" content=\"640\" \/>\n\t<meta property=\"og:image:type\" content=\"image\/jpeg\" \/>\n<meta name=\"author\" content=\"FM Patagonia\" \/>\n<meta name=\"twitter:card\" content=\"summary_large_image\" \/>\n<meta name=\"twitter:label1\" content=\"Escrito por\" \/>\n\t<meta name=\"twitter:data1\" content=\"FM Patagonia\" \/>\n\t<meta name=\"twitter:label2\" content=\"Tiempo de lectura\" \/>\n\t<meta name=\"twitter:data2\" content=\"2 minutos\" \/>\n<script type=\"application\/ld+json\" class=\"yoast-schema-graph\">{\"@context\":\"https:\\\/\\\/schema.org\",\"@graph\":[{\"@type\":\"Article\",\"@id\":\"https:\\\/\\\/fmpatagoniamadryn.com.ar\\\/?p=6895#article\",\"isPartOf\":{\"@id\":\"https:\\\/\\\/fmpatagoniamadryn.com.ar\\\/?p=6895\"},\"author\":{\"name\":\"FM Patagonia\",\"@id\":\"https:\\\/\\\/fmpatagoniamadryn.com.ar\\\/#\\\/schema\\\/person\\\/1d968ec613613768e14b4e6420a2b125\"},\"headline\":\"Provincia organiz\u00f3 un taller de pintura en el Centro Cultural Provincial en Rawson\",\"datePublished\":\"2023-10-21T18:47:34+00:00\",\"dateModified\":\"2023-10-21T18:47:45+00:00\",\"mainEntityOfPage\":{\"@id\":\"https:\\\/\\\/fmpatagoniamadryn.com.ar\\\/?p=6895\"},\"wordCount\":426,\"publisher\":{\"@id\":\"https:\\\/\\\/fmpatagoniamadryn.com.ar\\\/#organization\"},\"image\":{\"@id\":\"https:\\\/\\\/fmpatagoniamadryn.com.ar\\\/?p=6895#primaryimage\"},\"thumbnailUrl\":\"https:\\\/\\\/fmpatagoniamadryn.com.ar\\\/wp-content\\\/uploads\\\/2023\\\/10\\\/20-10-taller-en-el-CCP-1.jpg\",\"articleSection\":[\"Provinciales\"],\"inLanguage\":\"es\"},{\"@type\":\"WebPage\",\"@id\":\"https:\\\/\\\/fmpatagoniamadryn.com.ar\\\/?p=6895\",\"url\":\"https:\\\/\\\/fmpatagoniamadryn.com.ar\\\/?p=6895\",\"name\":\"Provincia organiz\u00f3 un taller de pintura en el Centro Cultural Provincial en Rawson - FM Patagonia Madryn\",\"isPartOf\":{\"@id\":\"https:\\\/\\\/fmpatagoniamadryn.com.ar\\\/#website\"},\"primaryImageOfPage\":{\"@id\":\"https:\\\/\\\/fmpatagoniamadryn.com.ar\\\/?p=6895#primaryimage\"},\"image\":{\"@id\":\"https:\\\/\\\/fmpatagoniamadryn.com.ar\\\/?p=6895#primaryimage\"},\"thumbnailUrl\":\"https:\\\/\\\/fmpatagoniamadryn.com.ar\\\/wp-content\\\/uploads\\\/2023\\\/10\\\/20-10-taller-en-el-CCP-1.jpg\",\"datePublished\":\"2023-10-21T18:47:34+00:00\",\"dateModified\":\"2023-10-21T18:47:45+00:00\",\"breadcrumb\":{\"@id\":\"https:\\\/\\\/fmpatagoniamadryn.com.ar\\\/?p=6895#breadcrumb\"},\"inLanguage\":\"es\",\"potentialAction\":[{\"@type\":\"ReadAction\",\"target\":[\"https:\\\/\\\/fmpatagoniamadryn.com.ar\\\/?p=6895\"]}]},{\"@type\":\"ImageObject\",\"inLanguage\":\"es\",\"@id\":\"https:\\\/\\\/fmpatagoniamadryn.com.ar\\\/?p=6895#primaryimage\",\"url\":\"https:\\\/\\\/fmpatagoniamadryn.com.ar\\\/wp-content\\\/uploads\\\/2023\\\/10\\\/20-10-taller-en-el-CCP-1.jpg\",\"contentUrl\":\"https:\\\/\\\/fmpatagoniamadryn.com.ar\\\/wp-content\\\/uploads\\\/2023\\\/10\\\/20-10-taller-en-el-CCP-1.jpg\",\"width\":960,\"height\":640},{\"@type\":\"BreadcrumbList\",\"@id\":\"https:\\\/\\\/fmpatagoniamadryn.com.ar\\\/?p=6895#breadcrumb\",\"itemListElement\":[{\"@type\":\"ListItem\",\"position\":1,\"name\":\"Portada\",\"item\":\"https:\\\/\\\/fmpatagoniamadryn.com.ar\\\/\"},{\"@type\":\"ListItem\",\"position\":2,\"name\":\"Provincia organiz\u00f3 un taller de pintura en el Centro Cultural Provincial en Rawson\"}]},{\"@type\":\"WebSite\",\"@id\":\"https:\\\/\\\/fmpatagoniamadryn.com.ar\\\/#website\",\"url\":\"https:\\\/\\\/fmpatagoniamadryn.com.ar\\\/\",\"name\":\"FM Patagonia Madryn\",\"description\":\"Radio Patagonia 105.5\",\"publisher\":{\"@id\":\"https:\\\/\\\/fmpatagoniamadryn.com.ar\\\/#organization\"},\"potentialAction\":[{\"@type\":\"SearchAction\",\"target\":{\"@type\":\"EntryPoint\",\"urlTemplate\":\"https:\\\/\\\/fmpatagoniamadryn.com.ar\\\/?s={search_term_string}\"},\"query-input\":{\"@type\":\"PropertyValueSpecification\",\"valueRequired\":true,\"valueName\":\"search_term_string\"}}],\"inLanguage\":\"es\"},{\"@type\":\"Organization\",\"@id\":\"https:\\\/\\\/fmpatagoniamadryn.com.ar\\\/#organization\",\"name\":\"FM Patagonia Madryn\",\"url\":\"https:\\\/\\\/fmpatagoniamadryn.com.ar\\\/\",\"logo\":{\"@type\":\"ImageObject\",\"inLanguage\":\"es\",\"@id\":\"https:\\\/\\\/fmpatagoniamadryn.com.ar\\\/#\\\/schema\\\/logo\\\/image\\\/\",\"url\":\"https:\\\/\\\/fmpatagoniamadryn.com.ar\\\/wp-content\\\/uploads\\\/2023\\\/01\\\/cropped-Diseno-sin-titulo.png\",\"contentUrl\":\"https:\\\/\\\/fmpatagoniamadryn.com.ar\\\/wp-content\\\/uploads\\\/2023\\\/01\\\/cropped-Diseno-sin-titulo.png\",\"width\":6911,\"height\":2657,\"caption\":\"FM Patagonia Madryn\"},\"image\":{\"@id\":\"https:\\\/\\\/fmpatagoniamadryn.com.ar\\\/#\\\/schema\\\/logo\\\/image\\\/\"}},{\"@type\":\"Person\",\"@id\":\"https:\\\/\\\/fmpatagoniamadryn.com.ar\\\/#\\\/schema\\\/person\\\/1d968ec613613768e14b4e6420a2b125\",\"name\":\"FM Patagonia\",\"url\":\"https:\\\/\\\/fmpatagoniamadryn.com.ar\\\/?author=3\"}]}<\/script>\n<!-- \/ Yoast SEO plugin. -->","yoast_head_json":{"title":"Provincia organiz\u00f3 un taller de pintura en el Centro Cultural Provincial en Rawson - FM Patagonia Madryn","robots":{"index":"index","follow":"follow","max-snippet":"max-snippet:-1","max-image-preview":"max-image-preview:large","max-video-preview":"max-video-preview:-1"},"canonical":"https:\/\/fmpatagoniamadryn.com.ar\/?p=6895","og_locale":"es_ES","og_type":"article","og_title":"Provincia organiz\u00f3 un taller de pintura en el Centro Cultural Provincial en Rawson - FM Patagonia Madryn","og_description":"La actividad cont\u00f3 con una visita guiada a la Muestra de Pintura, Dibujos y Grabados que est\u00e1 expuesta en el Centro Cultural Provincial en Rawson hasta el 3 de noviembre.&hellip;","og_url":"https:\/\/fmpatagoniamadryn.com.ar\/?p=6895","og_site_name":"FM Patagonia Madryn","article_published_time":"2023-10-21T18:47:34+00:00","article_modified_time":"2023-10-21T18:47:45+00:00","og_image":[{"width":960,"height":640,"url":"https:\/\/fmpatagoniamadryn.com.ar\/wp-content\/uploads\/2023\/10\/20-10-taller-en-el-CCP-1.jpg","type":"image\/jpeg"}],"author":"FM Patagonia","twitter_card":"summary_large_image","twitter_misc":{"Escrito por":"FM Patagonia","Tiempo de lectura":"2 minutos"},"schema":{"@context":"https:\/\/schema.org","@graph":[{"@type":"Article","@id":"https:\/\/fmpatagoniamadryn.com.ar\/?p=6895#article","isPartOf":{"@id":"https:\/\/fmpatagoniamadryn.com.ar\/?p=6895"},"author":{"name":"FM Patagonia","@id":"https:\/\/fmpatagoniamadryn.com.ar\/#\/schema\/person\/1d968ec613613768e14b4e6420a2b125"},"headline":"Provincia organiz\u00f3 un taller de pintura en el Centro Cultural Provincial en Rawson","datePublished":"2023-10-21T18:47:34+00:00","dateModified":"2023-10-21T18:47:45+00:00","mainEntityOfPage":{"@id":"https:\/\/fmpatagoniamadryn.com.ar\/?p=6895"},"wordCount":426,"publisher":{"@id":"https:\/\/fmpatagoniamadryn.com.ar\/#organization"},"image":{"@id":"https:\/\/fmpatagoniamadryn.com.ar\/?p=6895#primaryimage"},"thumbnailUrl":"https:\/\/fmpatagoniamadryn.com.ar\/wp-content\/uploads\/2023\/10\/20-10-taller-en-el-CCP-1.jpg","articleSection":["Provinciales"],"inLanguage":"es"},{"@type":"WebPage","@id":"https:\/\/fmpatagoniamadryn.com.ar\/?p=6895","url":"https:\/\/fmpatagoniamadryn.com.ar\/?p=6895","name":"Provincia organiz\u00f3 un taller de pintura en el Centro Cultural Provincial en Rawson - FM Patagonia Madryn","isPartOf":{"@id":"https:\/\/fmpatagoniamadryn.com.ar\/#website"},"primaryImageOfPage":{"@id":"https:\/\/fmpatagoniamadryn.com.ar\/?p=6895#primaryimage"},"image":{"@id":"https:\/\/fmpatagoniamadryn.com.ar\/?p=6895#primaryimage"},"thumbnailUrl":"https:\/\/fmpatagoniamadryn.com.ar\/wp-content\/uploads\/2023\/10\/20-10-taller-en-el-CCP-1.jpg","datePublished":"2023-10-21T18:47:34+00:00","dateModified":"2023-10-21T18:47:45+00:00","breadcrumb":{"@id":"https:\/\/fmpatagoniamadryn.com.ar\/?p=6895#breadcrumb"},"inLanguage":"es","potentialAction":[{"@type":"ReadAction","target":["https:\/\/fmpatagoniamadryn.com.ar\/?p=6895"]}]},{"@type":"ImageObject","inLanguage":"es","@id":"https:\/\/fmpatagoniamadryn.com.ar\/?p=6895#primaryimage","url":"https:\/\/fmpatagoniamadryn.com.ar\/wp-content\/uploads\/2023\/10\/20-10-taller-en-el-CCP-1.jpg","contentUrl":"https:\/\/fmpatagoniamadryn.com.ar\/wp-content\/uploads\/2023\/10\/20-10-taller-en-el-CCP-1.jpg","width":960,"height":640},{"@type":"BreadcrumbList","@id":"https:\/\/fmpatagoniamadryn.com.ar\/?p=6895#breadcrumb","itemListElement":[{"@type":"ListItem","position":1,"name":"Portada","item":"https:\/\/fmpatagoniamadryn.com.ar\/"},{"@type":"ListItem","position":2,"name":"Provincia organiz\u00f3 un taller de pintura en el Centro Cultural Provincial en Rawson"}]},{"@type":"WebSite","@id":"https:\/\/fmpatagoniamadryn.com.ar\/#website","url":"https:\/\/fmpatagoniamadryn.com.ar\/","name":"FM Patagonia Madryn","description":"Radio Patagonia 105.5","publisher":{"@id":"https:\/\/fmpatagoniamadryn.com.ar\/#organization"},"potentialAction":[{"@type":"SearchAction","target":{"@type":"EntryPoint","urlTemplate":"https:\/\/fmpatagoniamadryn.com.ar\/?s={search_term_string}"},"query-input":{"@type":"PropertyValueSpecification","valueRequired":true,"valueName":"search_term_string"}}],"inLanguage":"es"},{"@type":"Organization","@id":"https:\/\/fmpatagoniamadryn.com.ar\/#organization","name":"FM Patagonia Madryn","url":"https:\/\/fmpatagoniamadryn.com.ar\/","logo":{"@type":"ImageObject","inLanguage":"es","@id":"https:\/\/fmpatagoniamadryn.com.ar\/#\/schema\/logo\/image\/","url":"https:\/\/fmpatagoniamadryn.com.ar\/wp-content\/uploads\/2023\/01\/cropped-Diseno-sin-titulo.png","contentUrl":"https:\/\/fmpatagoniamadryn.com.ar\/wp-content\/uploads\/2023\/01\/cropped-Diseno-sin-titulo.png","width":6911,"height":2657,"caption":"FM Patagonia Madryn"},"image":{"@id":"https:\/\/fmpatagoniamadryn.com.ar\/#\/schema\/logo\/image\/"}},{"@type":"Person","@id":"https:\/\/fmpatagoniamadryn.com.ar\/#\/schema\/person\/1d968ec613613768e14b4e6420a2b125","name":"FM Patagonia","url":"https:\/\/fmpatagoniamadryn.com.ar\/?author=3"}]}},"jetpack_featured_media_url":"https:\/\/fmpatagoniamadryn.com.ar\/wp-content\/uploads\/2023\/10\/20-10-taller-en-el-CCP-1.jpg","_links":{"self":[{"href":"https:\/\/fmpatagoniamadryn.com.ar\/index.php?rest_route=\/wp\/v2\/posts\/6895","targetHints":{"allow":["GET"]}}],"collection":[{"href":"https:\/\/fmpatagoniamadryn.com.ar\/index.php?rest_route=\/wp\/v2\/posts"}],"about":[{"href":"https:\/\/fmpatagoniamadryn.com.ar\/index.php?rest_route=\/wp\/v2\/types\/post"}],"author":[{"embeddable":true,"href":"https:\/\/fmpatagoniamadryn.com.ar\/index.php?rest_route=\/wp\/v2\/users\/3"}],"replies":[{"embeddable":true,"href":"https:\/\/fmpatagoniamadryn.com.ar\/index.php?rest_route=%2Fwp%2Fv2%2Fcomments&post=6895"}],"version-history":[{"count":1,"href":"https:\/\/fmpatagoniamadryn.com.ar\/index.php?rest_route=\/wp\/v2\/posts\/6895\/revisions"}],"predecessor-version":[{"id":6896,"href":"https:\/\/fmpatagoniamadryn.com.ar\/index.php?rest_route=\/wp\/v2\/posts\/6895\/revisions\/6896"}],"wp:featuredmedia":[{"embeddable":true,"href":"https:\/\/fmpatagoniamadryn.com.ar\/index.php?rest_route=\/wp\/v2\/media\/6894"}],"wp:attachment":[{"href":"https:\/\/fmpatagoniamadryn.com.ar\/index.php?rest_route=%2Fwp%2Fv2%2Fmedia&parent=6895"}],"wp:term":[{"taxonomy":"category","embeddable":true,"href":"https:\/\/fmpatagoniamadryn.com.ar\/index.php?rest_route=%2Fwp%2Fv2%2Fcategories&post=6895"},{"taxonomy":"post_tag","embeddable":true,"href":"https:\/\/fmpatagoniamadryn.com.ar\/index.php?rest_route=%2Fwp%2Fv2%2Ftags&post=6895"}],"curies":[{"name":"wp","href":"https:\/\/api.w.org\/{rel}","templated":true}]}}