{"id":7063,"date":"2023-10-30T13:21:03","date_gmt":"2023-10-30T16:21:03","guid":{"rendered":"https:\/\/fmpatagoniamadryn.com.ar\/?p=7063"},"modified":"2023-10-30T13:21:05","modified_gmt":"2023-10-30T16:21:05","slug":"madryn-uno-de-los-eventos-cerveceros-mas-convocantes-del-pais-se-realizara-en-puerto-madryn","status":"publish","type":"post","link":"https:\/\/fmpatagoniamadryn.com.ar\/?p=7063","title":{"rendered":"MADRYN UNO DE LOS EVENTOS CERVECEROS M\u00c1S CONVOCANTES DEL PA\u00cdS SE REALIZAR\u00c1 EN PUERTO MADRYN"},"content":{"rendered":"\n<p>El intendente Gustavo Sastre confirm\u00f3 que el festival anual \u201cSomos cerveceros\u201d eligi\u00f3 a nuestra ciudad para llevar a cabo el certamen en 2024, lo cual fue motivado por el excelente desarrollo de la Copa Cervecera del a\u00f1o pasado y el crecimiento de la actividad tur\u00edstica<br><br>El intendente de Puerto Madryn, Gustavo Sastre, se reuni\u00f3 con integrantes de la Asociaci\u00f3n Civil \u201cSomos cerveceros\u201d, con quienes confirm\u00f3 que el pr\u00f3ximo a\u00f1o nuestra ciudad va a ser sede del festival anual que lleva el mismo nombre de dicha entidad. Esto se decidi\u00f3 en el \u00faltimo evento, que se hizo en Tucum\u00e1n, donde se puso en valor los resultados de la Copa Cervecera y el crecimiento de la actividad tur\u00edstica local.<br><br>A\u00fan resta definir la fecha, pero la asociaci\u00f3n realizar\u00e1 su evento anual en Puerto Madryn, en la que se realizan tradicionales reuniones de camarader\u00eda de estos emprendedores artesanales, donde todos los asistentes concurren con sus propias cervezas para compartirlas, dando marco a una celebraci\u00f3n tan apreciada como esperada a\u00f1o a a\u00f1o. Adem\u00e1s, el evento cierra con una gran fiesta, donde se premia y entrega la \u201cPala cervecera al cervecero del a\u00f1o\u201d.<br><br>Vale remarcar tambi\u00e9n que parte de lo recaudado es donado a una instituci\u00f3n ben\u00e9fica local. Adem\u00e1s, en el marco del evento, se realizar\u00e1n capacitaciones durante dos d\u00edas, en las que podr\u00e1n participar todas las personas que forman parte de la iniciativa.<br><br>Puerto Madryn como sede<br><br>Al respecto, el Intendente dijo: \u201cEl a\u00f1o pasado disfrutamos de una gran Copa Cervecera en Puerto Madryn, convocando a personas de distintos puntos de la Rep\u00fablica Argentina y logrando un evento extraordinario. Esta fue una de las razones para que el Festival Anual \u2018Somos cerveceros\u2019 se realice el a\u00f1o pr\u00f3ximo en nuestra ciudad, siendo uno de los encuentros del rubro m\u00e1s importantes del pa\u00eds\u201d.<br><br>En este mismo sentido, el Jefe Comunal remarc\u00f3: \u201cEstamos muy contentos, ya que el a\u00f1o pasado nos propusimos ir por m\u00e1s y ahora vamos a contar con un evento muy destacado. No nos vamos a conformar y siempre buscaremos continuar creciendo, m\u00e1s en un rubro como este, que ha crecido exponencialmente durante los \u00faltimos a\u00f1os y siendo muy convocante\u201d.<br><br>Los presentes<br><br>En la reuni\u00f3n con los representantes de la Asociaci\u00f3n \u201cSomos cerveceros\u201d a nivel local, Sastre estuvo acompa\u00f1ado por el secretario de Producci\u00f3n, Innovaci\u00f3n y Empleo, Esteban Abel, y el subsecretario de Producci\u00f3n, Gustavo Ronconi.<\/p>\n","protected":false},"excerpt":{"rendered":"<p>El intendente Gustavo Sastre confirm\u00f3 que el festival anual \u201cSomos cerveceros\u201d eligi\u00f3 a nuestra ciudad para llevar a cabo el certamen en 2024, lo cual fue motivado por el excelente&hellip; <\/p>\n","protected":false},"author":3,"featured_media":7062,"comment_status":"closed","ping_status":"closed","sticky":false,"template":"","format":"standard","meta":{"footnotes":""},"categories":[15],"tags":[],"class_list":["post-7063","post","type-post","status-publish","format-standard","has-post-thumbnail","hentry","category-locales"],"yoast_head":"<!-- This site is optimized with the Yoast SEO plugin v27.5 - https:\/\/yoast.com\/product\/yoast-seo-wordpress\/ -->\n<title>MADRYN UNO DE LOS EVENTOS CERVECEROS M\u00c1S CONVOCANTES DEL PA\u00cdS SE REALIZAR\u00c1 EN PUERTO MADRYN - FM Patagonia Madryn<\/title>\n<meta name=\"robots\" content=\"index, follow, max-snippet:-1, max-image-preview:large, max-video-preview:-1\" \/>\n<link rel=\"canonical\" href=\"https:\/\/fmpatagoniamadryn.com.ar\/?p=7063\" \/>\n<meta property=\"og:locale\" content=\"es_ES\" \/>\n<meta property=\"og:type\" content=\"article\" \/>\n<meta property=\"og:title\" content=\"MADRYN UNO DE LOS EVENTOS CERVECEROS M\u00c1S CONVOCANTES DEL PA\u00cdS SE REALIZAR\u00c1 EN PUERTO MADRYN - FM Patagonia Madryn\" \/>\n<meta property=\"og:description\" content=\"El intendente Gustavo Sastre confirm\u00f3 que el festival anual \u201cSomos cerveceros\u201d eligi\u00f3 a nuestra ciudad para llevar a cabo el certamen en 2024, lo cual fue motivado por el excelente&hellip;\" \/>\n<meta property=\"og:url\" content=\"https:\/\/fmpatagoniamadryn.com.ar\/?p=7063\" \/>\n<meta property=\"og:site_name\" content=\"FM Patagonia Madryn\" \/>\n<meta property=\"article:published_time\" content=\"2023-10-30T16:21:03+00:00\" \/>\n<meta property=\"article:modified_time\" content=\"2023-10-30T16:21:05+00:00\" \/>\n<meta property=\"og:image\" content=\"https:\/\/fmpatagoniamadryn.com.ar\/wp-content\/uploads\/2023\/10\/FB_IMG_1698682821538.jpg\" \/>\n\t<meta property=\"og:image:width\" content=\"720\" \/>\n\t<meta property=\"og:image:height\" content=\"480\" \/>\n\t<meta property=\"og:image:type\" content=\"image\/jpeg\" \/>\n<meta name=\"author\" content=\"FM Patagonia\" \/>\n<meta name=\"twitter:card\" content=\"summary_large_image\" \/>\n<meta name=\"twitter:label1\" content=\"Escrito por\" \/>\n\t<meta name=\"twitter:data1\" content=\"FM Patagonia\" \/>\n\t<meta name=\"twitter:label2\" content=\"Tiempo de lectura\" \/>\n\t<meta name=\"twitter:data2\" content=\"2 minutos\" \/>\n<script type=\"application\/ld+json\" class=\"yoast-schema-graph\">{\"@context\":\"https:\\\/\\\/schema.org\",\"@graph\":[{\"@type\":\"Article\",\"@id\":\"https:\\\/\\\/fmpatagoniamadryn.com.ar\\\/?p=7063#article\",\"isPartOf\":{\"@id\":\"https:\\\/\\\/fmpatagoniamadryn.com.ar\\\/?p=7063\"},\"author\":{\"name\":\"FM Patagonia\",\"@id\":\"https:\\\/\\\/fmpatagoniamadryn.com.ar\\\/#\\\/schema\\\/person\\\/1d968ec613613768e14b4e6420a2b125\"},\"headline\":\"MADRYN UNO DE LOS EVENTOS CERVECEROS M\u00c1S CONVOCANTES DEL PA\u00cdS SE REALIZAR\u00c1 EN PUERTO MADRYN\",\"datePublished\":\"2023-10-30T16:21:03+00:00\",\"dateModified\":\"2023-10-30T16:21:05+00:00\",\"mainEntityOfPage\":{\"@id\":\"https:\\\/\\\/fmpatagoniamadryn.com.ar\\\/?p=7063\"},\"wordCount\":446,\"publisher\":{\"@id\":\"https:\\\/\\\/fmpatagoniamadryn.com.ar\\\/#organization\"},\"image\":{\"@id\":\"https:\\\/\\\/fmpatagoniamadryn.com.ar\\\/?p=7063#primaryimage\"},\"thumbnailUrl\":\"https:\\\/\\\/fmpatagoniamadryn.com.ar\\\/wp-content\\\/uploads\\\/2023\\\/10\\\/FB_IMG_1698682821538.jpg\",\"articleSection\":[\"Locales\"],\"inLanguage\":\"es\"},{\"@type\":\"WebPage\",\"@id\":\"https:\\\/\\\/fmpatagoniamadryn.com.ar\\\/?p=7063\",\"url\":\"https:\\\/\\\/fmpatagoniamadryn.com.ar\\\/?p=7063\",\"name\":\"MADRYN UNO DE LOS EVENTOS CERVECEROS M\u00c1S CONVOCANTES DEL PA\u00cdS SE REALIZAR\u00c1 EN PUERTO MADRYN - FM Patagonia Madryn\",\"isPartOf\":{\"@id\":\"https:\\\/\\\/fmpatagoniamadryn.com.ar\\\/#website\"},\"primaryImageOfPage\":{\"@id\":\"https:\\\/\\\/fmpatagoniamadryn.com.ar\\\/?p=7063#primaryimage\"},\"image\":{\"@id\":\"https:\\\/\\\/fmpatagoniamadryn.com.ar\\\/?p=7063#primaryimage\"},\"thumbnailUrl\":\"https:\\\/\\\/fmpatagoniamadryn.com.ar\\\/wp-content\\\/uploads\\\/2023\\\/10\\\/FB_IMG_1698682821538.jpg\",\"datePublished\":\"2023-10-30T16:21:03+00:00\",\"dateModified\":\"2023-10-30T16:21:05+00:00\",\"breadcrumb\":{\"@id\":\"https:\\\/\\\/fmpatagoniamadryn.com.ar\\\/?p=7063#breadcrumb\"},\"inLanguage\":\"es\",\"potentialAction\":[{\"@type\":\"ReadAction\",\"target\":[\"https:\\\/\\\/fmpatagoniamadryn.com.ar\\\/?p=7063\"]}]},{\"@type\":\"ImageObject\",\"inLanguage\":\"es\",\"@id\":\"https:\\\/\\\/fmpatagoniamadryn.com.ar\\\/?p=7063#primaryimage\",\"url\":\"https:\\\/\\\/fmpatagoniamadryn.com.ar\\\/wp-content\\\/uploads\\\/2023\\\/10\\\/FB_IMG_1698682821538.jpg\",\"contentUrl\":\"https:\\\/\\\/fmpatagoniamadryn.com.ar\\\/wp-content\\\/uploads\\\/2023\\\/10\\\/FB_IMG_1698682821538.jpg\",\"width\":720,\"height\":480},{\"@type\":\"BreadcrumbList\",\"@id\":\"https:\\\/\\\/fmpatagoniamadryn.com.ar\\\/?p=7063#breadcrumb\",\"itemListElement\":[{\"@type\":\"ListItem\",\"position\":1,\"name\":\"Portada\",\"item\":\"https:\\\/\\\/fmpatagoniamadryn.com.ar\\\/\"},{\"@type\":\"ListItem\",\"position\":2,\"name\":\"MADRYN UNO DE LOS EVENTOS CERVECEROS M\u00c1S CONVOCANTES DEL PA\u00cdS SE REALIZAR\u00c1 EN PUERTO MADRYN\"}]},{\"@type\":\"WebSite\",\"@id\":\"https:\\\/\\\/fmpatagoniamadryn.com.ar\\\/#website\",\"url\":\"https:\\\/\\\/fmpatagoniamadryn.com.ar\\\/\",\"name\":\"FM Patagonia Madryn\",\"description\":\"Radio Patagonia 105.5\",\"publisher\":{\"@id\":\"https:\\\/\\\/fmpatagoniamadryn.com.ar\\\/#organization\"},\"potentialAction\":[{\"@type\":\"SearchAction\",\"target\":{\"@type\":\"EntryPoint\",\"urlTemplate\":\"https:\\\/\\\/fmpatagoniamadryn.com.ar\\\/?s={search_term_string}\"},\"query-input\":{\"@type\":\"PropertyValueSpecification\",\"valueRequired\":true,\"valueName\":\"search_term_string\"}}],\"inLanguage\":\"es\"},{\"@type\":\"Organization\",\"@id\":\"https:\\\/\\\/fmpatagoniamadryn.com.ar\\\/#organization\",\"name\":\"FM Patagonia Madryn\",\"url\":\"https:\\\/\\\/fmpatagoniamadryn.com.ar\\\/\",\"logo\":{\"@type\":\"ImageObject\",\"inLanguage\":\"es\",\"@id\":\"https:\\\/\\\/fmpatagoniamadryn.com.ar\\\/#\\\/schema\\\/logo\\\/image\\\/\",\"url\":\"https:\\\/\\\/fmpatagoniamadryn.com.ar\\\/wp-content\\\/uploads\\\/2023\\\/01\\\/cropped-Diseno-sin-titulo.png\",\"contentUrl\":\"https:\\\/\\\/fmpatagoniamadryn.com.ar\\\/wp-content\\\/uploads\\\/2023\\\/01\\\/cropped-Diseno-sin-titulo.png\",\"width\":6911,\"height\":2657,\"caption\":\"FM Patagonia Madryn\"},\"image\":{\"@id\":\"https:\\\/\\\/fmpatagoniamadryn.com.ar\\\/#\\\/schema\\\/logo\\\/image\\\/\"}},{\"@type\":\"Person\",\"@id\":\"https:\\\/\\\/fmpatagoniamadryn.com.ar\\\/#\\\/schema\\\/person\\\/1d968ec613613768e14b4e6420a2b125\",\"name\":\"FM Patagonia\",\"url\":\"https:\\\/\\\/fmpatagoniamadryn.com.ar\\\/?author=3\"}]}<\/script>\n<!-- \/ Yoast SEO plugin. -->","yoast_head_json":{"title":"MADRYN UNO DE LOS EVENTOS CERVECEROS M\u00c1S CONVOCANTES DEL PA\u00cdS SE REALIZAR\u00c1 EN PUERTO MADRYN - FM Patagonia Madryn","robots":{"index":"index","follow":"follow","max-snippet":"max-snippet:-1","max-image-preview":"max-image-preview:large","max-video-preview":"max-video-preview:-1"},"canonical":"https:\/\/fmpatagoniamadryn.com.ar\/?p=7063","og_locale":"es_ES","og_type":"article","og_title":"MADRYN UNO DE LOS EVENTOS CERVECEROS M\u00c1S CONVOCANTES DEL PA\u00cdS SE REALIZAR\u00c1 EN PUERTO MADRYN - FM Patagonia Madryn","og_description":"El intendente Gustavo Sastre confirm\u00f3 que el festival anual \u201cSomos cerveceros\u201d eligi\u00f3 a nuestra ciudad para llevar a cabo el certamen en 2024, lo cual fue motivado por el excelente&hellip;","og_url":"https:\/\/fmpatagoniamadryn.com.ar\/?p=7063","og_site_name":"FM Patagonia Madryn","article_published_time":"2023-10-30T16:21:03+00:00","article_modified_time":"2023-10-30T16:21:05+00:00","og_image":[{"width":720,"height":480,"url":"https:\/\/fmpatagoniamadryn.com.ar\/wp-content\/uploads\/2023\/10\/FB_IMG_1698682821538.jpg","type":"image\/jpeg"}],"author":"FM Patagonia","twitter_card":"summary_large_image","twitter_misc":{"Escrito por":"FM Patagonia","Tiempo de lectura":"2 minutos"},"schema":{"@context":"https:\/\/schema.org","@graph":[{"@type":"Article","@id":"https:\/\/fmpatagoniamadryn.com.ar\/?p=7063#article","isPartOf":{"@id":"https:\/\/fmpatagoniamadryn.com.ar\/?p=7063"},"author":{"name":"FM Patagonia","@id":"https:\/\/fmpatagoniamadryn.com.ar\/#\/schema\/person\/1d968ec613613768e14b4e6420a2b125"},"headline":"MADRYN UNO DE LOS EVENTOS CERVECEROS M\u00c1S CONVOCANTES DEL PA\u00cdS SE REALIZAR\u00c1 EN PUERTO MADRYN","datePublished":"2023-10-30T16:21:03+00:00","dateModified":"2023-10-30T16:21:05+00:00","mainEntityOfPage":{"@id":"https:\/\/fmpatagoniamadryn.com.ar\/?p=7063"},"wordCount":446,"publisher":{"@id":"https:\/\/fmpatagoniamadryn.com.ar\/#organization"},"image":{"@id":"https:\/\/fmpatagoniamadryn.com.ar\/?p=7063#primaryimage"},"thumbnailUrl":"https:\/\/fmpatagoniamadryn.com.ar\/wp-content\/uploads\/2023\/10\/FB_IMG_1698682821538.jpg","articleSection":["Locales"],"inLanguage":"es"},{"@type":"WebPage","@id":"https:\/\/fmpatagoniamadryn.com.ar\/?p=7063","url":"https:\/\/fmpatagoniamadryn.com.ar\/?p=7063","name":"MADRYN UNO DE LOS EVENTOS CERVECEROS M\u00c1S CONVOCANTES DEL PA\u00cdS SE REALIZAR\u00c1 EN PUERTO MADRYN - FM Patagonia Madryn","isPartOf":{"@id":"https:\/\/fmpatagoniamadryn.com.ar\/#website"},"primaryImageOfPage":{"@id":"https:\/\/fmpatagoniamadryn.com.ar\/?p=7063#primaryimage"},"image":{"@id":"https:\/\/fmpatagoniamadryn.com.ar\/?p=7063#primaryimage"},"thumbnailUrl":"https:\/\/fmpatagoniamadryn.com.ar\/wp-content\/uploads\/2023\/10\/FB_IMG_1698682821538.jpg","datePublished":"2023-10-30T16:21:03+00:00","dateModified":"2023-10-30T16:21:05+00:00","breadcrumb":{"@id":"https:\/\/fmpatagoniamadryn.com.ar\/?p=7063#breadcrumb"},"inLanguage":"es","potentialAction":[{"@type":"ReadAction","target":["https:\/\/fmpatagoniamadryn.com.ar\/?p=7063"]}]},{"@type":"ImageObject","inLanguage":"es","@id":"https:\/\/fmpatagoniamadryn.com.ar\/?p=7063#primaryimage","url":"https:\/\/fmpatagoniamadryn.com.ar\/wp-content\/uploads\/2023\/10\/FB_IMG_1698682821538.jpg","contentUrl":"https:\/\/fmpatagoniamadryn.com.ar\/wp-content\/uploads\/2023\/10\/FB_IMG_1698682821538.jpg","width":720,"height":480},{"@type":"BreadcrumbList","@id":"https:\/\/fmpatagoniamadryn.com.ar\/?p=7063#breadcrumb","itemListElement":[{"@type":"ListItem","position":1,"name":"Portada","item":"https:\/\/fmpatagoniamadryn.com.ar\/"},{"@type":"ListItem","position":2,"name":"MADRYN UNO DE LOS EVENTOS CERVECEROS M\u00c1S CONVOCANTES DEL PA\u00cdS SE REALIZAR\u00c1 EN PUERTO MADRYN"}]},{"@type":"WebSite","@id":"https:\/\/fmpatagoniamadryn.com.ar\/#website","url":"https:\/\/fmpatagoniamadryn.com.ar\/","name":"FM Patagonia Madryn","description":"Radio Patagonia 105.5","publisher":{"@id":"https:\/\/fmpatagoniamadryn.com.ar\/#organization"},"potentialAction":[{"@type":"SearchAction","target":{"@type":"EntryPoint","urlTemplate":"https:\/\/fmpatagoniamadryn.com.ar\/?s={search_term_string}"},"query-input":{"@type":"PropertyValueSpecification","valueRequired":true,"valueName":"search_term_string"}}],"inLanguage":"es"},{"@type":"Organization","@id":"https:\/\/fmpatagoniamadryn.com.ar\/#organization","name":"FM Patagonia Madryn","url":"https:\/\/fmpatagoniamadryn.com.ar\/","logo":{"@type":"ImageObject","inLanguage":"es","@id":"https:\/\/fmpatagoniamadryn.com.ar\/#\/schema\/logo\/image\/","url":"https:\/\/fmpatagoniamadryn.com.ar\/wp-content\/uploads\/2023\/01\/cropped-Diseno-sin-titulo.png","contentUrl":"https:\/\/fmpatagoniamadryn.com.ar\/wp-content\/uploads\/2023\/01\/cropped-Diseno-sin-titulo.png","width":6911,"height":2657,"caption":"FM Patagonia Madryn"},"image":{"@id":"https:\/\/fmpatagoniamadryn.com.ar\/#\/schema\/logo\/image\/"}},{"@type":"Person","@id":"https:\/\/fmpatagoniamadryn.com.ar\/#\/schema\/person\/1d968ec613613768e14b4e6420a2b125","name":"FM Patagonia","url":"https:\/\/fmpatagoniamadryn.com.ar\/?author=3"}]}},"jetpack_featured_media_url":"https:\/\/fmpatagoniamadryn.com.ar\/wp-content\/uploads\/2023\/10\/FB_IMG_1698682821538.jpg","_links":{"self":[{"href":"https:\/\/fmpatagoniamadryn.com.ar\/index.php?rest_route=\/wp\/v2\/posts\/7063","targetHints":{"allow":["GET"]}}],"collection":[{"href":"https:\/\/fmpatagoniamadryn.com.ar\/index.php?rest_route=\/wp\/v2\/posts"}],"about":[{"href":"https:\/\/fmpatagoniamadryn.com.ar\/index.php?rest_route=\/wp\/v2\/types\/post"}],"author":[{"embeddable":true,"href":"https:\/\/fmpatagoniamadryn.com.ar\/index.php?rest_route=\/wp\/v2\/users\/3"}],"replies":[{"embeddable":true,"href":"https:\/\/fmpatagoniamadryn.com.ar\/index.php?rest_route=%2Fwp%2Fv2%2Fcomments&post=7063"}],"version-history":[{"count":1,"href":"https:\/\/fmpatagoniamadryn.com.ar\/index.php?rest_route=\/wp\/v2\/posts\/7063\/revisions"}],"predecessor-version":[{"id":7064,"href":"https:\/\/fmpatagoniamadryn.com.ar\/index.php?rest_route=\/wp\/v2\/posts\/7063\/revisions\/7064"}],"wp:featuredmedia":[{"embeddable":true,"href":"https:\/\/fmpatagoniamadryn.com.ar\/index.php?rest_route=\/wp\/v2\/media\/7062"}],"wp:attachment":[{"href":"https:\/\/fmpatagoniamadryn.com.ar\/index.php?rest_route=%2Fwp%2Fv2%2Fmedia&parent=7063"}],"wp:term":[{"taxonomy":"category","embeddable":true,"href":"https:\/\/fmpatagoniamadryn.com.ar\/index.php?rest_route=%2Fwp%2Fv2%2Fcategories&post=7063"},{"taxonomy":"post_tag","embeddable":true,"href":"https:\/\/fmpatagoniamadryn.com.ar\/index.php?rest_route=%2Fwp%2Fv2%2Ftags&post=7063"}],"curies":[{"name":"wp","href":"https:\/\/api.w.org\/{rel}","templated":true}]}}