{"id":7618,"date":"2023-12-06T13:09:01","date_gmt":"2023-12-06T16:09:01","guid":{"rendered":"https:\/\/fmpatagoniamadryn.com.ar\/?p=7618"},"modified":"2023-12-06T13:09:12","modified_gmt":"2023-12-06T16:09:12","slug":"sanidad-vegetal-se-realizo-un-taller-sobre-cosecha-de-frutas-en-el-hoyo","status":"publish","type":"post","link":"https:\/\/fmpatagoniamadryn.com.ar\/?p=7618","title":{"rendered":"Sanidad Vegetal: Se realiz\u00f3 un taller sobre cosecha de frutas en El Hoyo"},"content":{"rendered":"\n<p>Se llev\u00f3 a cabo en funci\u00f3n de la \u201cmosca de alas manchadas\u201d, especie que se ha expandido en el mundo en los \u00faltimos a\u00f1os, y costos de producci\u00f3n en frutas finas.<br><br>La Comisi\u00f3n Provincial de Sanidad Vegetal (COPROSAVE) de la Comarca Andina llev\u00f3 adelante en El Hoyo, un taller sobre implementaci\u00f3n de acciones en la cosecha de frutas finas, que cont\u00f3 con la participaci\u00f3n ingenieros del Instituto Nacional de Tecnolog\u00eda Agropecuaria (INTA).<br><br>En este marco, aproximadamente 40 productores de la Cordillera participaron de las charlas de asesoramiento te\u00f3rico u pr\u00e1ctico, emparentadas con la aplicaci\u00f3n de Buenas Pr\u00e1cticas Agr\u00edcolas (BPA), dictadas por los ingenieros del INTA, Gerardo De la Vega y Javier Mari\u00f1o.<br><br>La COPROSAVE est\u00e1 conformada por el Ministerio de Agricultura, Ganader\u00eda, Industria y Comercio del Chubut e instituciones tales como: la Asociaci\u00f3n Ap\u00edcola de la Comarca, Asociaci\u00f3n de Productores de Lago Puelo, INTA, Asociaci\u00f3n de Productores de El Hoyo, \u00c1rea de Producci\u00f3n de la Municipalidad de El Hoyo, de Epuy\u00e9n, la Asociaci\u00f3n en Defensa del R\u00edo Epuy\u00e9n, SENASA, Universidad Nacional R\u00edo Negro, y Consejo Profesional de Ciencias Agropecuarias del Chubut.<br><br>La Comisi\u00f3n, entre otras acciones, viene trabajando y desarrollando acciones para prevenir y\/o mitigar el impacto actual y potencial de la plaga de moscas de alas manchadas, sobre todo, en las producciones comerciales de frutas finas de la Comarca Andina.<br><br>Especie ex\u00f3tica en la Comarca<br><br>La \u201cmosca de alas manchadas\u201d, Drosophila suzukii (Matsumura), es una especie de origen asi\u00e1tico que en los \u00faltimos a\u00f1os se ha expandido dr\u00e1sticamente por todo el mundo. Debido a su reducida capacidad de vuelo esta expansi\u00f3n se asocia m\u00e1s a la intervenci\u00f3n humana en su transporte que a su capacidad natural de dispersi\u00f3n.<br><br>As\u00ed, la cosecha debe realizarse de forma frecuente (no m\u00e1s de 2 d\u00edas), cosechar la fruta en estado pint\u00f3n, realizar la cosecha completa y no dejar fruta madura en planta y no dejar bandejas ni baldes con fruta al sol, llevarlos r\u00e1pido a fr\u00edo, deben ser pr\u00e1cticas que los productores adopten para lograr reducir los impactos de la plaga.<br><br>Tambi\u00e9n, los frutales como cerezos, guindos y sauco deben tener las plantas con alturas que no superen los 5 m de altura, bien podados, sin ramas enfermas, muertas o mal ubicadas. Disponer de los pasillos con pasto corto.<br><br>En caso de ser necesario, los productores deber\u00e1n realizar la siguiente pulverizaci\u00f3n mojando toda la copa, realizarla en horas de la tarde, sin viento y sin pron\u00f3stico de lluvias, y sin olvidar de avisar a los apicultores que se encuentren en las cercan\u00edas sobre las fechas de la aplicaci\u00f3n.<br><br>Por otro lado, para completar otros aspectos en el taller se trat\u00f3, particularidades de los costos de producci\u00f3n en los cultivos de Frutas Finas, un componente importante al momento de llevar adelante producciones agr\u00edcolas en la zona.<\/p>\n","protected":false},"excerpt":{"rendered":"<p>Se llev\u00f3 a cabo en funci\u00f3n de la \u201cmosca de alas manchadas\u201d, especie que se ha expandido en el mundo en los \u00faltimos a\u00f1os, y costos de producci\u00f3n en frutas&hellip; <\/p>\n","protected":false},"author":3,"featured_media":7617,"comment_status":"closed","ping_status":"closed","sticky":false,"template":"","format":"standard","meta":{"footnotes":""},"categories":[14],"tags":[],"class_list":["post-7618","post","type-post","status-publish","format-standard","has-post-thumbnail","hentry","category-provinciales"],"yoast_head":"<!-- This site is optimized with the Yoast SEO plugin v27.4 - https:\/\/yoast.com\/product\/yoast-seo-wordpress\/ -->\n<title>Sanidad Vegetal: Se realiz\u00f3 un taller sobre cosecha de frutas en El Hoyo - FM Patagonia Madryn<\/title>\n<meta name=\"robots\" content=\"index, follow, max-snippet:-1, max-image-preview:large, max-video-preview:-1\" \/>\n<link rel=\"canonical\" href=\"https:\/\/fmpatagoniamadryn.com.ar\/?p=7618\" \/>\n<meta property=\"og:locale\" content=\"es_ES\" \/>\n<meta property=\"og:type\" content=\"article\" \/>\n<meta property=\"og:title\" content=\"Sanidad Vegetal: Se realiz\u00f3 un taller sobre cosecha de frutas en El Hoyo - FM Patagonia Madryn\" \/>\n<meta property=\"og:description\" content=\"Se llev\u00f3 a cabo en funci\u00f3n de la \u201cmosca de alas manchadas\u201d, especie que se ha expandido en el mundo en los \u00faltimos a\u00f1os, y costos de producci\u00f3n en frutas&hellip;\" \/>\n<meta property=\"og:url\" content=\"https:\/\/fmpatagoniamadryn.com.ar\/?p=7618\" \/>\n<meta property=\"og:site_name\" content=\"FM Patagonia Madryn\" \/>\n<meta property=\"article:published_time\" content=\"2023-12-06T16:09:01+00:00\" \/>\n<meta property=\"article:modified_time\" content=\"2023-12-06T16:09:12+00:00\" \/>\n<meta property=\"og:image\" content=\"https:\/\/fmpatagoniamadryn.com.ar\/wp-content\/uploads\/2023\/12\/El-Hoyo-3.jpeg\" \/>\n\t<meta property=\"og:image:width\" content=\"1600\" \/>\n\t<meta property=\"og:image:height\" content=\"1066\" \/>\n\t<meta property=\"og:image:type\" content=\"image\/jpeg\" \/>\n<meta name=\"author\" content=\"FM Patagonia\" \/>\n<meta name=\"twitter:card\" content=\"summary_large_image\" \/>\n<meta name=\"twitter:label1\" content=\"Escrito por\" \/>\n\t<meta name=\"twitter:data1\" content=\"FM Patagonia\" \/>\n\t<meta name=\"twitter:label2\" content=\"Tiempo de lectura\" \/>\n\t<meta name=\"twitter:data2\" content=\"3 minutos\" \/>\n<script type=\"application\/ld+json\" class=\"yoast-schema-graph\">{\"@context\":\"https:\\\/\\\/schema.org\",\"@graph\":[{\"@type\":\"Article\",\"@id\":\"https:\\\/\\\/fmpatagoniamadryn.com.ar\\\/?p=7618#article\",\"isPartOf\":{\"@id\":\"https:\\\/\\\/fmpatagoniamadryn.com.ar\\\/?p=7618\"},\"author\":{\"name\":\"FM Patagonia\",\"@id\":\"https:\\\/\\\/fmpatagoniamadryn.com.ar\\\/#\\\/schema\\\/person\\\/1d968ec613613768e14b4e6420a2b125\"},\"headline\":\"Sanidad Vegetal: Se realiz\u00f3 un taller sobre cosecha de frutas en El Hoyo\",\"datePublished\":\"2023-12-06T16:09:01+00:00\",\"dateModified\":\"2023-12-06T16:09:12+00:00\",\"mainEntityOfPage\":{\"@id\":\"https:\\\/\\\/fmpatagoniamadryn.com.ar\\\/?p=7618\"},\"wordCount\":520,\"publisher\":{\"@id\":\"https:\\\/\\\/fmpatagoniamadryn.com.ar\\\/#organization\"},\"image\":{\"@id\":\"https:\\\/\\\/fmpatagoniamadryn.com.ar\\\/?p=7618#primaryimage\"},\"thumbnailUrl\":\"https:\\\/\\\/fmpatagoniamadryn.com.ar\\\/wp-content\\\/uploads\\\/2023\\\/12\\\/El-Hoyo-3.jpeg\",\"articleSection\":[\"Provinciales\"],\"inLanguage\":\"es\"},{\"@type\":\"WebPage\",\"@id\":\"https:\\\/\\\/fmpatagoniamadryn.com.ar\\\/?p=7618\",\"url\":\"https:\\\/\\\/fmpatagoniamadryn.com.ar\\\/?p=7618\",\"name\":\"Sanidad Vegetal: Se realiz\u00f3 un taller sobre cosecha de frutas en El Hoyo - FM Patagonia Madryn\",\"isPartOf\":{\"@id\":\"https:\\\/\\\/fmpatagoniamadryn.com.ar\\\/#website\"},\"primaryImageOfPage\":{\"@id\":\"https:\\\/\\\/fmpatagoniamadryn.com.ar\\\/?p=7618#primaryimage\"},\"image\":{\"@id\":\"https:\\\/\\\/fmpatagoniamadryn.com.ar\\\/?p=7618#primaryimage\"},\"thumbnailUrl\":\"https:\\\/\\\/fmpatagoniamadryn.com.ar\\\/wp-content\\\/uploads\\\/2023\\\/12\\\/El-Hoyo-3.jpeg\",\"datePublished\":\"2023-12-06T16:09:01+00:00\",\"dateModified\":\"2023-12-06T16:09:12+00:00\",\"breadcrumb\":{\"@id\":\"https:\\\/\\\/fmpatagoniamadryn.com.ar\\\/?p=7618#breadcrumb\"},\"inLanguage\":\"es\",\"potentialAction\":[{\"@type\":\"ReadAction\",\"target\":[\"https:\\\/\\\/fmpatagoniamadryn.com.ar\\\/?p=7618\"]}]},{\"@type\":\"ImageObject\",\"inLanguage\":\"es\",\"@id\":\"https:\\\/\\\/fmpatagoniamadryn.com.ar\\\/?p=7618#primaryimage\",\"url\":\"https:\\\/\\\/fmpatagoniamadryn.com.ar\\\/wp-content\\\/uploads\\\/2023\\\/12\\\/El-Hoyo-3.jpeg\",\"contentUrl\":\"https:\\\/\\\/fmpatagoniamadryn.com.ar\\\/wp-content\\\/uploads\\\/2023\\\/12\\\/El-Hoyo-3.jpeg\",\"width\":1600,\"height\":1066},{\"@type\":\"BreadcrumbList\",\"@id\":\"https:\\\/\\\/fmpatagoniamadryn.com.ar\\\/?p=7618#breadcrumb\",\"itemListElement\":[{\"@type\":\"ListItem\",\"position\":1,\"name\":\"Portada\",\"item\":\"https:\\\/\\\/fmpatagoniamadryn.com.ar\\\/\"},{\"@type\":\"ListItem\",\"position\":2,\"name\":\"Sanidad Vegetal: Se realiz\u00f3 un taller sobre cosecha de frutas en El Hoyo\"}]},{\"@type\":\"WebSite\",\"@id\":\"https:\\\/\\\/fmpatagoniamadryn.com.ar\\\/#website\",\"url\":\"https:\\\/\\\/fmpatagoniamadryn.com.ar\\\/\",\"name\":\"FM Patagonia Madryn\",\"description\":\"Radio Patagonia 105.5\",\"publisher\":{\"@id\":\"https:\\\/\\\/fmpatagoniamadryn.com.ar\\\/#organization\"},\"potentialAction\":[{\"@type\":\"SearchAction\",\"target\":{\"@type\":\"EntryPoint\",\"urlTemplate\":\"https:\\\/\\\/fmpatagoniamadryn.com.ar\\\/?s={search_term_string}\"},\"query-input\":{\"@type\":\"PropertyValueSpecification\",\"valueRequired\":true,\"valueName\":\"search_term_string\"}}],\"inLanguage\":\"es\"},{\"@type\":\"Organization\",\"@id\":\"https:\\\/\\\/fmpatagoniamadryn.com.ar\\\/#organization\",\"name\":\"FM Patagonia Madryn\",\"url\":\"https:\\\/\\\/fmpatagoniamadryn.com.ar\\\/\",\"logo\":{\"@type\":\"ImageObject\",\"inLanguage\":\"es\",\"@id\":\"https:\\\/\\\/fmpatagoniamadryn.com.ar\\\/#\\\/schema\\\/logo\\\/image\\\/\",\"url\":\"https:\\\/\\\/fmpatagoniamadryn.com.ar\\\/wp-content\\\/uploads\\\/2023\\\/01\\\/cropped-Diseno-sin-titulo.png\",\"contentUrl\":\"https:\\\/\\\/fmpatagoniamadryn.com.ar\\\/wp-content\\\/uploads\\\/2023\\\/01\\\/cropped-Diseno-sin-titulo.png\",\"width\":6911,\"height\":2657,\"caption\":\"FM Patagonia Madryn\"},\"image\":{\"@id\":\"https:\\\/\\\/fmpatagoniamadryn.com.ar\\\/#\\\/schema\\\/logo\\\/image\\\/\"}},{\"@type\":\"Person\",\"@id\":\"https:\\\/\\\/fmpatagoniamadryn.com.ar\\\/#\\\/schema\\\/person\\\/1d968ec613613768e14b4e6420a2b125\",\"name\":\"FM Patagonia\",\"url\":\"https:\\\/\\\/fmpatagoniamadryn.com.ar\\\/?author=3\"}]}<\/script>\n<!-- \/ Yoast SEO plugin. -->","yoast_head_json":{"title":"Sanidad Vegetal: Se realiz\u00f3 un taller sobre cosecha de frutas en El Hoyo - FM Patagonia Madryn","robots":{"index":"index","follow":"follow","max-snippet":"max-snippet:-1","max-image-preview":"max-image-preview:large","max-video-preview":"max-video-preview:-1"},"canonical":"https:\/\/fmpatagoniamadryn.com.ar\/?p=7618","og_locale":"es_ES","og_type":"article","og_title":"Sanidad Vegetal: Se realiz\u00f3 un taller sobre cosecha de frutas en El Hoyo - FM Patagonia Madryn","og_description":"Se llev\u00f3 a cabo en funci\u00f3n de la \u201cmosca de alas manchadas\u201d, especie que se ha expandido en el mundo en los \u00faltimos a\u00f1os, y costos de producci\u00f3n en frutas&hellip;","og_url":"https:\/\/fmpatagoniamadryn.com.ar\/?p=7618","og_site_name":"FM Patagonia Madryn","article_published_time":"2023-12-06T16:09:01+00:00","article_modified_time":"2023-12-06T16:09:12+00:00","og_image":[{"width":1600,"height":1066,"url":"https:\/\/fmpatagoniamadryn.com.ar\/wp-content\/uploads\/2023\/12\/El-Hoyo-3.jpeg","type":"image\/jpeg"}],"author":"FM Patagonia","twitter_card":"summary_large_image","twitter_misc":{"Escrito por":"FM Patagonia","Tiempo de lectura":"3 minutos"},"schema":{"@context":"https:\/\/schema.org","@graph":[{"@type":"Article","@id":"https:\/\/fmpatagoniamadryn.com.ar\/?p=7618#article","isPartOf":{"@id":"https:\/\/fmpatagoniamadryn.com.ar\/?p=7618"},"author":{"name":"FM Patagonia","@id":"https:\/\/fmpatagoniamadryn.com.ar\/#\/schema\/person\/1d968ec613613768e14b4e6420a2b125"},"headline":"Sanidad Vegetal: Se realiz\u00f3 un taller sobre cosecha de frutas en El Hoyo","datePublished":"2023-12-06T16:09:01+00:00","dateModified":"2023-12-06T16:09:12+00:00","mainEntityOfPage":{"@id":"https:\/\/fmpatagoniamadryn.com.ar\/?p=7618"},"wordCount":520,"publisher":{"@id":"https:\/\/fmpatagoniamadryn.com.ar\/#organization"},"image":{"@id":"https:\/\/fmpatagoniamadryn.com.ar\/?p=7618#primaryimage"},"thumbnailUrl":"https:\/\/fmpatagoniamadryn.com.ar\/wp-content\/uploads\/2023\/12\/El-Hoyo-3.jpeg","articleSection":["Provinciales"],"inLanguage":"es"},{"@type":"WebPage","@id":"https:\/\/fmpatagoniamadryn.com.ar\/?p=7618","url":"https:\/\/fmpatagoniamadryn.com.ar\/?p=7618","name":"Sanidad Vegetal: Se realiz\u00f3 un taller sobre cosecha de frutas en El Hoyo - FM Patagonia Madryn","isPartOf":{"@id":"https:\/\/fmpatagoniamadryn.com.ar\/#website"},"primaryImageOfPage":{"@id":"https:\/\/fmpatagoniamadryn.com.ar\/?p=7618#primaryimage"},"image":{"@id":"https:\/\/fmpatagoniamadryn.com.ar\/?p=7618#primaryimage"},"thumbnailUrl":"https:\/\/fmpatagoniamadryn.com.ar\/wp-content\/uploads\/2023\/12\/El-Hoyo-3.jpeg","datePublished":"2023-12-06T16:09:01+00:00","dateModified":"2023-12-06T16:09:12+00:00","breadcrumb":{"@id":"https:\/\/fmpatagoniamadryn.com.ar\/?p=7618#breadcrumb"},"inLanguage":"es","potentialAction":[{"@type":"ReadAction","target":["https:\/\/fmpatagoniamadryn.com.ar\/?p=7618"]}]},{"@type":"ImageObject","inLanguage":"es","@id":"https:\/\/fmpatagoniamadryn.com.ar\/?p=7618#primaryimage","url":"https:\/\/fmpatagoniamadryn.com.ar\/wp-content\/uploads\/2023\/12\/El-Hoyo-3.jpeg","contentUrl":"https:\/\/fmpatagoniamadryn.com.ar\/wp-content\/uploads\/2023\/12\/El-Hoyo-3.jpeg","width":1600,"height":1066},{"@type":"BreadcrumbList","@id":"https:\/\/fmpatagoniamadryn.com.ar\/?p=7618#breadcrumb","itemListElement":[{"@type":"ListItem","position":1,"name":"Portada","item":"https:\/\/fmpatagoniamadryn.com.ar\/"},{"@type":"ListItem","position":2,"name":"Sanidad Vegetal: Se realiz\u00f3 un taller sobre cosecha de frutas en El Hoyo"}]},{"@type":"WebSite","@id":"https:\/\/fmpatagoniamadryn.com.ar\/#website","url":"https:\/\/fmpatagoniamadryn.com.ar\/","name":"FM Patagonia Madryn","description":"Radio Patagonia 105.5","publisher":{"@id":"https:\/\/fmpatagoniamadryn.com.ar\/#organization"},"potentialAction":[{"@type":"SearchAction","target":{"@type":"EntryPoint","urlTemplate":"https:\/\/fmpatagoniamadryn.com.ar\/?s={search_term_string}"},"query-input":{"@type":"PropertyValueSpecification","valueRequired":true,"valueName":"search_term_string"}}],"inLanguage":"es"},{"@type":"Organization","@id":"https:\/\/fmpatagoniamadryn.com.ar\/#organization","name":"FM Patagonia Madryn","url":"https:\/\/fmpatagoniamadryn.com.ar\/","logo":{"@type":"ImageObject","inLanguage":"es","@id":"https:\/\/fmpatagoniamadryn.com.ar\/#\/schema\/logo\/image\/","url":"https:\/\/fmpatagoniamadryn.com.ar\/wp-content\/uploads\/2023\/01\/cropped-Diseno-sin-titulo.png","contentUrl":"https:\/\/fmpatagoniamadryn.com.ar\/wp-content\/uploads\/2023\/01\/cropped-Diseno-sin-titulo.png","width":6911,"height":2657,"caption":"FM Patagonia Madryn"},"image":{"@id":"https:\/\/fmpatagoniamadryn.com.ar\/#\/schema\/logo\/image\/"}},{"@type":"Person","@id":"https:\/\/fmpatagoniamadryn.com.ar\/#\/schema\/person\/1d968ec613613768e14b4e6420a2b125","name":"FM Patagonia","url":"https:\/\/fmpatagoniamadryn.com.ar\/?author=3"}]}},"jetpack_featured_media_url":"https:\/\/fmpatagoniamadryn.com.ar\/wp-content\/uploads\/2023\/12\/El-Hoyo-3.jpeg","_links":{"self":[{"href":"https:\/\/fmpatagoniamadryn.com.ar\/index.php?rest_route=\/wp\/v2\/posts\/7618","targetHints":{"allow":["GET"]}}],"collection":[{"href":"https:\/\/fmpatagoniamadryn.com.ar\/index.php?rest_route=\/wp\/v2\/posts"}],"about":[{"href":"https:\/\/fmpatagoniamadryn.com.ar\/index.php?rest_route=\/wp\/v2\/types\/post"}],"author":[{"embeddable":true,"href":"https:\/\/fmpatagoniamadryn.com.ar\/index.php?rest_route=\/wp\/v2\/users\/3"}],"replies":[{"embeddable":true,"href":"https:\/\/fmpatagoniamadryn.com.ar\/index.php?rest_route=%2Fwp%2Fv2%2Fcomments&post=7618"}],"version-history":[{"count":1,"href":"https:\/\/fmpatagoniamadryn.com.ar\/index.php?rest_route=\/wp\/v2\/posts\/7618\/revisions"}],"predecessor-version":[{"id":7619,"href":"https:\/\/fmpatagoniamadryn.com.ar\/index.php?rest_route=\/wp\/v2\/posts\/7618\/revisions\/7619"}],"wp:featuredmedia":[{"embeddable":true,"href":"https:\/\/fmpatagoniamadryn.com.ar\/index.php?rest_route=\/wp\/v2\/media\/7617"}],"wp:attachment":[{"href":"https:\/\/fmpatagoniamadryn.com.ar\/index.php?rest_route=%2Fwp%2Fv2%2Fmedia&parent=7618"}],"wp:term":[{"taxonomy":"category","embeddable":true,"href":"https:\/\/fmpatagoniamadryn.com.ar\/index.php?rest_route=%2Fwp%2Fv2%2Fcategories&post=7618"},{"taxonomy":"post_tag","embeddable":true,"href":"https:\/\/fmpatagoniamadryn.com.ar\/index.php?rest_route=%2Fwp%2Fv2%2Ftags&post=7618"}],"curies":[{"name":"wp","href":"https:\/\/api.w.org\/{rel}","templated":true}]}}