{"id":7629,"date":"2023-12-07T10:02:38","date_gmt":"2023-12-07T13:02:38","guid":{"rendered":"https:\/\/fmpatagoniamadryn.com.ar\/?p=7629"},"modified":"2023-12-07T10:02:47","modified_gmt":"2023-12-07T13:02:47","slug":"sastre-siempre-que-la-prioridad-sea-el-bienestar-de-los-chubutenses-aportaremos-desde-el-lugar-que-nos-toque","status":"publish","type":"post","link":"https:\/\/fmpatagoniamadryn.com.ar\/?p=7629","title":{"rendered":"SASTRE: \u201cSIEMPRE QUE LA PRIORIDAD SEA EL BIENESTAR DE LOS CHUBUTENSES, APORTAREMOS DESDE EL LUGAR QUE NOS TOQUE\u201d"},"content":{"rendered":"\n<p><br>As\u00ed lo admiti\u00f3 el Vicegobernador Ricardo Sastre, a poco de terminar su mandato en el actual Gobierno Provincial. \u201cNo me desespera ocupar un cargo en la funci\u00f3n p\u00fablica. S\u00e9 tambi\u00e9n que todos dicen lo mismo cuando abandonan un cargo, pero entiendo que la pol\u00edtica tiene sus momentos, y debemos tener paciencia y seguir trabajando desde el lugar en el que estemos. Yo siempre que la prioridad sea el bienestar de los vecinos de esta provincia, voy a dar una mano desde el lugar que nos toque\u201d, destac\u00f3 Sastre.<br>A modo de balance por lo vivido en estos a\u00f1os, destaca que \u201ccon la gente hemos logrado una uni\u00f3n muy particular. Cuando tuve la posibilidad de ser diputado, trabaj\u00e9 con muchos vecinos de mi ciudad que me fueron dando una mano, y tuvimos la posibilidad de llegar a la primera intendencia en 2011. Siempre digo que por m\u00e1s que amo Chubut, y me encantar\u00eda tener la chance de ser Gobernador alg\u00fan d\u00eda, no existe mejor cargo que el de ser Intendente de la ciudad que resulta tu lugar en el mundo. El tuyo y el de tu familia, ese que no cambiar\u00edas por nada. Eso significa para nosotros Puerto Madryn. Y ser intendente all\u00ed dos veces seguidas, no tiene comparaci\u00f3n. La qu\u00edmica con el vecino, el cara a cara cotidiano. Es otra cosa. En la Legislatura cumplimos con el rol que nos tocaba, pero est\u00e1 claro que algunos dirigentes tienen m\u00e1s afinidad con un ambiente que con otro. Yo me siento una persona mucho m\u00e1s capaz, cuando estoy en un Departamento Ejecutivo. Lo del Poder Legislativo me gusta, pero siento que no es lo m\u00edo. No sirvo para estar en un despacho o en una oficina, o sentado sesionando en un recinto. Yo quiero estar en la calle, recorrer barrios, hablar con la gente, eso es lo que nunca est\u00e1 de m\u00e1s. El contacto sincero con el vecino, durante los cuatro a\u00f1os que dure tu per\u00edodo de gobierno\u201d, admite.<br><br>\u201cNO ES CASUALIDAD\u201d<br>Para el Vicegobernador \u201clas formas de hacer pol\u00edtica tienen mucho que ver con lo que uno termina construyendo. Y para m\u00ed la mejor forma de construir, es estando cerca de la gente. As\u00ed lo hicimos desde el primer d\u00eda que asumimos la intendencia de Madryn. No est\u00e1bamos nunca en el despacho, siempre and\u00e1bamos en la calle recorriendo alguna obra, o hablando con la gente. Me acuerdo que volv\u00edamos al Municipio para alguna reuni\u00f3n o para firmar algunos papeles que ten\u00edan que salir ese mismo d\u00eda, y segu\u00edamos en la calle. A m\u00ed me gusta esa manera, soy feliz haci\u00e9ndolo de esa forma\u201d.<br>Y admite que \u201cno es casualidad que ahora haya ganado su segunda intendencia Gustavo (Sastre) en Madryn, porque tenemos formas similares y la gente lo sabe. Saben que nos van a encontrar en el municipio todos los d\u00edas y a cualquier hora, o que nos van a cruzar en alg\u00fan punto de la ciudad, como mucho acompa\u00f1ados por alg\u00fan funcionario, o solos. Nos conocen, saben c\u00f3mo nos manejamos, nos gusta darle una mano a todos, y nos fascina hacer cosas en la ciudad, jactarnos de que cada d\u00eda est\u00e1 m\u00e1s linda pero no desde un discurso, sino con realidades. Saben que somos apasionados y que nos gusta hacer las cosas una sola vez, pero hacerlas muy bien\u201d.<br>Adem\u00e1s, sobre la gesti\u00f3n que se viene, prev\u00e9 \u201cun escenario at\u00edpico, quiz\u00e1s por la variedad. En Madryn, por ejemplo, ser\u00e1 Intendente Gustavo que lleg\u00f3 por el PJ, con un Gobernador del PRO en Chubut, y un Presidente de La Libertad Avanza en Argentina. Pero a pesar de ello soy muy optimista de que puedan encontrar coincidencias para que les vaya bien a todos. Es lo que queremos\u201d.<br><br>\u201cSUMAR ENTRE TODOS\u201d<br>\u201cAc\u00e1 en nuestra provincia, y cuando me toc\u00f3 ser intendente en Madryn en esos dos per\u00edodos, lo hemos mencionado hasta el hartazgo. No somos partidarios de seguir marcando o profundizando diferencias entre partidos o colores. Todos los vecinos de Chubut, sin importar esas banderas, deben trabajar para que le vaya bien a toda la provincia, y como argentinos debemos hacer lo mismo por el bien de nuestro pa\u00eds. Hay que terminar de una buena vez con todo esto que nos separa. Que los cargos sean ocupados por los que se destacan en lo suyo, por los mejores de la materia, sin importar de qu\u00e9 cuadro pol\u00edtico vienen. En Argentina tenemos gente de sobra para poder lograrlo\u201d, dice el Vicegobernador.<br>Adem\u00e1s, en ese mismo sentido, advirti\u00f3 que \u201csiempre los mejores resultados que se han logrado en pol\u00edtica, han venido de la mano de la apertura y la conformaci\u00f3n de alguna mesa donde hayan actores que representen a todos los sectores. Nosotros somos convencidos, y los que nos conocen lo saben, de que no existe mejor herramienta que el di\u00e1logo y la pluralidad a la hora de gobernar. Madryn, por ejemplo, hace a\u00f1os que es un Municipio de puertas abiertas. Nosotros tuvimos, y Gustavo tambi\u00e9n, funcionarios peronistas, radicales, del PRO. No nos importa eso a la hora de conformar un equipo, nos importa que esos que vienen, sean los mejores que hay en la ciudad para esa tarea. El objetivo es hacer crecer, dotar de oportunidades y embellecer el lugar en el que vivimos. Despu\u00e9s discutimos, si hiciera falta, por qu\u00e9 partido simpatiza cada uno, pero primero los objetivos a cumplir, y es sumando entre todos\u201d.<br><br>RUMORES Y CERTEZAS<br>En la \u00faltima semana trascendi\u00f3 la posibilidad de que el actual Vicegobernador de la Provincia pueda estar en un \u00e1rea clave para Chubut a nivel nacional, como es la pesca.<br>Al respecto indic\u00f3 que \u201cyo siempre voy a estar del lado de los que buscan mejorarle la calidad de vida a los vecinos de toda la provincia, y en ese sentido daremos una mano desde el lugar que nos toque. \u00bfSirve a la provincia que yo ocupe ese lugar? Se analizar\u00e1. \u00bfNo sirve? No se analiza y punto. Siempre buscaremos que las decisiones sean lo mejor para el conjunto. As\u00ed lo hicimos a la hora de afrontar las elecciones en 2019 y tambi\u00e9n en 2023, siempre pusimos el proyecto global por encima de las aspiraciones personales. Me pude haber equivocado o no, son las reglas del juego y en pol\u00edtica son estas\u201d.<br>Sobre el futuro inmediato, admiti\u00f3 que \u201clo he manifestado ya en varias ocasiones. Mi familia hist\u00f3ricamente trabaj\u00f3 en el sector privado, y tambi\u00e9n lo hicimos nosotros toda la vida. As\u00ed que seguir\u00e9 abocado a esas cuestiones, pensando a futuro. El proyecto pol\u00edtico que hemos construido desde Madryn hace m\u00e1s de diez a\u00f1os est\u00e1 m\u00e1s fuerte que nunca, pr\u00f3ximo a comenzar su cuarta intendencia consecutiva, y siempre iremos por m\u00e1s. Analizaremos los pasos a seguir, hay tiempo para hacerlo\u201d, cerr\u00f3.<\/p>\n","protected":false},"excerpt":{"rendered":"<p>As\u00ed lo admiti\u00f3 el Vicegobernador Ricardo Sastre, a poco de terminar su mandato en el actual Gobierno Provincial. \u201cNo me desespera ocupar un cargo en la funci\u00f3n p\u00fablica. S\u00e9 tambi\u00e9n&hellip; <\/p>\n","protected":false},"author":3,"featured_media":7628,"comment_status":"closed","ping_status":"closed","sticky":false,"template":"","format":"standard","meta":{"footnotes":""},"categories":[15],"tags":[],"class_list":["post-7629","post","type-post","status-publish","format-standard","has-post-thumbnail","hentry","category-locales"],"yoast_head":"<!-- This site is optimized with the Yoast SEO plugin v27.4 - https:\/\/yoast.com\/product\/yoast-seo-wordpress\/ -->\n<title>SASTRE: \u201cSIEMPRE QUE LA PRIORIDAD SEA EL BIENESTAR DE LOS CHUBUTENSES, APORTAREMOS DESDE EL LUGAR QUE NOS TOQUE\u201d - FM Patagonia Madryn<\/title>\n<meta name=\"robots\" content=\"index, follow, max-snippet:-1, max-image-preview:large, max-video-preview:-1\" \/>\n<link rel=\"canonical\" href=\"https:\/\/fmpatagoniamadryn.com.ar\/?p=7629\" \/>\n<meta property=\"og:locale\" content=\"es_ES\" \/>\n<meta property=\"og:type\" content=\"article\" \/>\n<meta property=\"og:title\" content=\"SASTRE: \u201cSIEMPRE QUE LA PRIORIDAD SEA EL BIENESTAR DE LOS CHUBUTENSES, APORTAREMOS DESDE EL LUGAR QUE NOS TOQUE\u201d - FM Patagonia Madryn\" \/>\n<meta property=\"og:description\" content=\"As\u00ed lo admiti\u00f3 el Vicegobernador Ricardo Sastre, a poco de terminar su mandato en el actual Gobierno Provincial. \u201cNo me desespera ocupar un cargo en la funci\u00f3n p\u00fablica. S\u00e9 tambi\u00e9n&hellip;\" \/>\n<meta property=\"og:url\" content=\"https:\/\/fmpatagoniamadryn.com.ar\/?p=7629\" \/>\n<meta property=\"og:site_name\" content=\"FM Patagonia Madryn\" \/>\n<meta property=\"article:published_time\" content=\"2023-12-07T13:02:38+00:00\" \/>\n<meta property=\"article:modified_time\" content=\"2023-12-07T13:02:47+00:00\" \/>\n<meta property=\"og:image\" content=\"https:\/\/fmpatagoniamadryn.com.ar\/wp-content\/uploads\/2023\/12\/IMG-20231207-WA0050.jpg\" \/>\n\t<meta property=\"og:image:width\" content=\"1280\" \/>\n\t<meta property=\"og:image:height\" content=\"853\" \/>\n\t<meta property=\"og:image:type\" content=\"image\/jpeg\" \/>\n<meta name=\"author\" content=\"FM Patagonia\" \/>\n<meta name=\"twitter:card\" content=\"summary_large_image\" \/>\n<meta name=\"twitter:label1\" content=\"Escrito por\" \/>\n\t<meta name=\"twitter:data1\" content=\"FM Patagonia\" \/>\n\t<meta name=\"twitter:label2\" content=\"Tiempo de lectura\" \/>\n\t<meta name=\"twitter:data2\" content=\"6 minutos\" \/>\n<script type=\"application\/ld+json\" class=\"yoast-schema-graph\">{\"@context\":\"https:\\\/\\\/schema.org\",\"@graph\":[{\"@type\":\"Article\",\"@id\":\"https:\\\/\\\/fmpatagoniamadryn.com.ar\\\/?p=7629#article\",\"isPartOf\":{\"@id\":\"https:\\\/\\\/fmpatagoniamadryn.com.ar\\\/?p=7629\"},\"author\":{\"name\":\"FM Patagonia\",\"@id\":\"https:\\\/\\\/fmpatagoniamadryn.com.ar\\\/#\\\/schema\\\/person\\\/1d968ec613613768e14b4e6420a2b125\"},\"headline\":\"SASTRE: \u201cSIEMPRE QUE LA PRIORIDAD SEA EL BIENESTAR DE LOS CHUBUTENSES, APORTAREMOS DESDE EL LUGAR QUE NOS TOQUE\u201d\",\"datePublished\":\"2023-12-07T13:02:38+00:00\",\"dateModified\":\"2023-12-07T13:02:47+00:00\",\"mainEntityOfPage\":{\"@id\":\"https:\\\/\\\/fmpatagoniamadryn.com.ar\\\/?p=7629\"},\"wordCount\":1191,\"publisher\":{\"@id\":\"https:\\\/\\\/fmpatagoniamadryn.com.ar\\\/#organization\"},\"image\":{\"@id\":\"https:\\\/\\\/fmpatagoniamadryn.com.ar\\\/?p=7629#primaryimage\"},\"thumbnailUrl\":\"https:\\\/\\\/fmpatagoniamadryn.com.ar\\\/wp-content\\\/uploads\\\/2023\\\/12\\\/IMG-20231207-WA0050.jpg\",\"articleSection\":[\"Locales\"],\"inLanguage\":\"es\"},{\"@type\":\"WebPage\",\"@id\":\"https:\\\/\\\/fmpatagoniamadryn.com.ar\\\/?p=7629\",\"url\":\"https:\\\/\\\/fmpatagoniamadryn.com.ar\\\/?p=7629\",\"name\":\"SASTRE: \u201cSIEMPRE QUE LA PRIORIDAD SEA EL BIENESTAR DE LOS CHUBUTENSES, APORTAREMOS DESDE EL LUGAR QUE NOS TOQUE\u201d - FM Patagonia Madryn\",\"isPartOf\":{\"@id\":\"https:\\\/\\\/fmpatagoniamadryn.com.ar\\\/#website\"},\"primaryImageOfPage\":{\"@id\":\"https:\\\/\\\/fmpatagoniamadryn.com.ar\\\/?p=7629#primaryimage\"},\"image\":{\"@id\":\"https:\\\/\\\/fmpatagoniamadryn.com.ar\\\/?p=7629#primaryimage\"},\"thumbnailUrl\":\"https:\\\/\\\/fmpatagoniamadryn.com.ar\\\/wp-content\\\/uploads\\\/2023\\\/12\\\/IMG-20231207-WA0050.jpg\",\"datePublished\":\"2023-12-07T13:02:38+00:00\",\"dateModified\":\"2023-12-07T13:02:47+00:00\",\"breadcrumb\":{\"@id\":\"https:\\\/\\\/fmpatagoniamadryn.com.ar\\\/?p=7629#breadcrumb\"},\"inLanguage\":\"es\",\"potentialAction\":[{\"@type\":\"ReadAction\",\"target\":[\"https:\\\/\\\/fmpatagoniamadryn.com.ar\\\/?p=7629\"]}]},{\"@type\":\"ImageObject\",\"inLanguage\":\"es\",\"@id\":\"https:\\\/\\\/fmpatagoniamadryn.com.ar\\\/?p=7629#primaryimage\",\"url\":\"https:\\\/\\\/fmpatagoniamadryn.com.ar\\\/wp-content\\\/uploads\\\/2023\\\/12\\\/IMG-20231207-WA0050.jpg\",\"contentUrl\":\"https:\\\/\\\/fmpatagoniamadryn.com.ar\\\/wp-content\\\/uploads\\\/2023\\\/12\\\/IMG-20231207-WA0050.jpg\",\"width\":1280,\"height\":853},{\"@type\":\"BreadcrumbList\",\"@id\":\"https:\\\/\\\/fmpatagoniamadryn.com.ar\\\/?p=7629#breadcrumb\",\"itemListElement\":[{\"@type\":\"ListItem\",\"position\":1,\"name\":\"Portada\",\"item\":\"https:\\\/\\\/fmpatagoniamadryn.com.ar\\\/\"},{\"@type\":\"ListItem\",\"position\":2,\"name\":\"SASTRE: \u201cSIEMPRE QUE LA PRIORIDAD SEA EL BIENESTAR DE LOS CHUBUTENSES, APORTAREMOS DESDE EL LUGAR QUE NOS TOQUE\u201d\"}]},{\"@type\":\"WebSite\",\"@id\":\"https:\\\/\\\/fmpatagoniamadryn.com.ar\\\/#website\",\"url\":\"https:\\\/\\\/fmpatagoniamadryn.com.ar\\\/\",\"name\":\"FM Patagonia Madryn\",\"description\":\"Radio Patagonia 105.5\",\"publisher\":{\"@id\":\"https:\\\/\\\/fmpatagoniamadryn.com.ar\\\/#organization\"},\"potentialAction\":[{\"@type\":\"SearchAction\",\"target\":{\"@type\":\"EntryPoint\",\"urlTemplate\":\"https:\\\/\\\/fmpatagoniamadryn.com.ar\\\/?s={search_term_string}\"},\"query-input\":{\"@type\":\"PropertyValueSpecification\",\"valueRequired\":true,\"valueName\":\"search_term_string\"}}],\"inLanguage\":\"es\"},{\"@type\":\"Organization\",\"@id\":\"https:\\\/\\\/fmpatagoniamadryn.com.ar\\\/#organization\",\"name\":\"FM Patagonia Madryn\",\"url\":\"https:\\\/\\\/fmpatagoniamadryn.com.ar\\\/\",\"logo\":{\"@type\":\"ImageObject\",\"inLanguage\":\"es\",\"@id\":\"https:\\\/\\\/fmpatagoniamadryn.com.ar\\\/#\\\/schema\\\/logo\\\/image\\\/\",\"url\":\"https:\\\/\\\/fmpatagoniamadryn.com.ar\\\/wp-content\\\/uploads\\\/2023\\\/01\\\/cropped-Diseno-sin-titulo.png\",\"contentUrl\":\"https:\\\/\\\/fmpatagoniamadryn.com.ar\\\/wp-content\\\/uploads\\\/2023\\\/01\\\/cropped-Diseno-sin-titulo.png\",\"width\":6911,\"height\":2657,\"caption\":\"FM Patagonia Madryn\"},\"image\":{\"@id\":\"https:\\\/\\\/fmpatagoniamadryn.com.ar\\\/#\\\/schema\\\/logo\\\/image\\\/\"}},{\"@type\":\"Person\",\"@id\":\"https:\\\/\\\/fmpatagoniamadryn.com.ar\\\/#\\\/schema\\\/person\\\/1d968ec613613768e14b4e6420a2b125\",\"name\":\"FM Patagonia\",\"url\":\"https:\\\/\\\/fmpatagoniamadryn.com.ar\\\/?author=3\"}]}<\/script>\n<!-- \/ Yoast SEO plugin. -->","yoast_head_json":{"title":"SASTRE: \u201cSIEMPRE QUE LA PRIORIDAD SEA EL BIENESTAR DE LOS CHUBUTENSES, APORTAREMOS DESDE EL LUGAR QUE NOS TOQUE\u201d - FM Patagonia Madryn","robots":{"index":"index","follow":"follow","max-snippet":"max-snippet:-1","max-image-preview":"max-image-preview:large","max-video-preview":"max-video-preview:-1"},"canonical":"https:\/\/fmpatagoniamadryn.com.ar\/?p=7629","og_locale":"es_ES","og_type":"article","og_title":"SASTRE: \u201cSIEMPRE QUE LA PRIORIDAD SEA EL BIENESTAR DE LOS CHUBUTENSES, APORTAREMOS DESDE EL LUGAR QUE NOS TOQUE\u201d - FM Patagonia Madryn","og_description":"As\u00ed lo admiti\u00f3 el Vicegobernador Ricardo Sastre, a poco de terminar su mandato en el actual Gobierno Provincial. \u201cNo me desespera ocupar un cargo en la funci\u00f3n p\u00fablica. S\u00e9 tambi\u00e9n&hellip;","og_url":"https:\/\/fmpatagoniamadryn.com.ar\/?p=7629","og_site_name":"FM Patagonia Madryn","article_published_time":"2023-12-07T13:02:38+00:00","article_modified_time":"2023-12-07T13:02:47+00:00","og_image":[{"width":1280,"height":853,"url":"https:\/\/fmpatagoniamadryn.com.ar\/wp-content\/uploads\/2023\/12\/IMG-20231207-WA0050.jpg","type":"image\/jpeg"}],"author":"FM Patagonia","twitter_card":"summary_large_image","twitter_misc":{"Escrito por":"FM Patagonia","Tiempo de lectura":"6 minutos"},"schema":{"@context":"https:\/\/schema.org","@graph":[{"@type":"Article","@id":"https:\/\/fmpatagoniamadryn.com.ar\/?p=7629#article","isPartOf":{"@id":"https:\/\/fmpatagoniamadryn.com.ar\/?p=7629"},"author":{"name":"FM Patagonia","@id":"https:\/\/fmpatagoniamadryn.com.ar\/#\/schema\/person\/1d968ec613613768e14b4e6420a2b125"},"headline":"SASTRE: \u201cSIEMPRE QUE LA PRIORIDAD SEA EL BIENESTAR DE LOS CHUBUTENSES, APORTAREMOS DESDE EL LUGAR QUE NOS TOQUE\u201d","datePublished":"2023-12-07T13:02:38+00:00","dateModified":"2023-12-07T13:02:47+00:00","mainEntityOfPage":{"@id":"https:\/\/fmpatagoniamadryn.com.ar\/?p=7629"},"wordCount":1191,"publisher":{"@id":"https:\/\/fmpatagoniamadryn.com.ar\/#organization"},"image":{"@id":"https:\/\/fmpatagoniamadryn.com.ar\/?p=7629#primaryimage"},"thumbnailUrl":"https:\/\/fmpatagoniamadryn.com.ar\/wp-content\/uploads\/2023\/12\/IMG-20231207-WA0050.jpg","articleSection":["Locales"],"inLanguage":"es"},{"@type":"WebPage","@id":"https:\/\/fmpatagoniamadryn.com.ar\/?p=7629","url":"https:\/\/fmpatagoniamadryn.com.ar\/?p=7629","name":"SASTRE: \u201cSIEMPRE QUE LA PRIORIDAD SEA EL BIENESTAR DE LOS CHUBUTENSES, APORTAREMOS DESDE EL LUGAR QUE NOS TOQUE\u201d - FM Patagonia Madryn","isPartOf":{"@id":"https:\/\/fmpatagoniamadryn.com.ar\/#website"},"primaryImageOfPage":{"@id":"https:\/\/fmpatagoniamadryn.com.ar\/?p=7629#primaryimage"},"image":{"@id":"https:\/\/fmpatagoniamadryn.com.ar\/?p=7629#primaryimage"},"thumbnailUrl":"https:\/\/fmpatagoniamadryn.com.ar\/wp-content\/uploads\/2023\/12\/IMG-20231207-WA0050.jpg","datePublished":"2023-12-07T13:02:38+00:00","dateModified":"2023-12-07T13:02:47+00:00","breadcrumb":{"@id":"https:\/\/fmpatagoniamadryn.com.ar\/?p=7629#breadcrumb"},"inLanguage":"es","potentialAction":[{"@type":"ReadAction","target":["https:\/\/fmpatagoniamadryn.com.ar\/?p=7629"]}]},{"@type":"ImageObject","inLanguage":"es","@id":"https:\/\/fmpatagoniamadryn.com.ar\/?p=7629#primaryimage","url":"https:\/\/fmpatagoniamadryn.com.ar\/wp-content\/uploads\/2023\/12\/IMG-20231207-WA0050.jpg","contentUrl":"https:\/\/fmpatagoniamadryn.com.ar\/wp-content\/uploads\/2023\/12\/IMG-20231207-WA0050.jpg","width":1280,"height":853},{"@type":"BreadcrumbList","@id":"https:\/\/fmpatagoniamadryn.com.ar\/?p=7629#breadcrumb","itemListElement":[{"@type":"ListItem","position":1,"name":"Portada","item":"https:\/\/fmpatagoniamadryn.com.ar\/"},{"@type":"ListItem","position":2,"name":"SASTRE: \u201cSIEMPRE QUE LA PRIORIDAD SEA EL BIENESTAR DE LOS CHUBUTENSES, APORTAREMOS DESDE EL LUGAR QUE NOS TOQUE\u201d"}]},{"@type":"WebSite","@id":"https:\/\/fmpatagoniamadryn.com.ar\/#website","url":"https:\/\/fmpatagoniamadryn.com.ar\/","name":"FM Patagonia Madryn","description":"Radio Patagonia 105.5","publisher":{"@id":"https:\/\/fmpatagoniamadryn.com.ar\/#organization"},"potentialAction":[{"@type":"SearchAction","target":{"@type":"EntryPoint","urlTemplate":"https:\/\/fmpatagoniamadryn.com.ar\/?s={search_term_string}"},"query-input":{"@type":"PropertyValueSpecification","valueRequired":true,"valueName":"search_term_string"}}],"inLanguage":"es"},{"@type":"Organization","@id":"https:\/\/fmpatagoniamadryn.com.ar\/#organization","name":"FM Patagonia Madryn","url":"https:\/\/fmpatagoniamadryn.com.ar\/","logo":{"@type":"ImageObject","inLanguage":"es","@id":"https:\/\/fmpatagoniamadryn.com.ar\/#\/schema\/logo\/image\/","url":"https:\/\/fmpatagoniamadryn.com.ar\/wp-content\/uploads\/2023\/01\/cropped-Diseno-sin-titulo.png","contentUrl":"https:\/\/fmpatagoniamadryn.com.ar\/wp-content\/uploads\/2023\/01\/cropped-Diseno-sin-titulo.png","width":6911,"height":2657,"caption":"FM Patagonia Madryn"},"image":{"@id":"https:\/\/fmpatagoniamadryn.com.ar\/#\/schema\/logo\/image\/"}},{"@type":"Person","@id":"https:\/\/fmpatagoniamadryn.com.ar\/#\/schema\/person\/1d968ec613613768e14b4e6420a2b125","name":"FM Patagonia","url":"https:\/\/fmpatagoniamadryn.com.ar\/?author=3"}]}},"jetpack_featured_media_url":"https:\/\/fmpatagoniamadryn.com.ar\/wp-content\/uploads\/2023\/12\/IMG-20231207-WA0050.jpg","_links":{"self":[{"href":"https:\/\/fmpatagoniamadryn.com.ar\/index.php?rest_route=\/wp\/v2\/posts\/7629","targetHints":{"allow":["GET"]}}],"collection":[{"href":"https:\/\/fmpatagoniamadryn.com.ar\/index.php?rest_route=\/wp\/v2\/posts"}],"about":[{"href":"https:\/\/fmpatagoniamadryn.com.ar\/index.php?rest_route=\/wp\/v2\/types\/post"}],"author":[{"embeddable":true,"href":"https:\/\/fmpatagoniamadryn.com.ar\/index.php?rest_route=\/wp\/v2\/users\/3"}],"replies":[{"embeddable":true,"href":"https:\/\/fmpatagoniamadryn.com.ar\/index.php?rest_route=%2Fwp%2Fv2%2Fcomments&post=7629"}],"version-history":[{"count":1,"href":"https:\/\/fmpatagoniamadryn.com.ar\/index.php?rest_route=\/wp\/v2\/posts\/7629\/revisions"}],"predecessor-version":[{"id":7630,"href":"https:\/\/fmpatagoniamadryn.com.ar\/index.php?rest_route=\/wp\/v2\/posts\/7629\/revisions\/7630"}],"wp:featuredmedia":[{"embeddable":true,"href":"https:\/\/fmpatagoniamadryn.com.ar\/index.php?rest_route=\/wp\/v2\/media\/7628"}],"wp:attachment":[{"href":"https:\/\/fmpatagoniamadryn.com.ar\/index.php?rest_route=%2Fwp%2Fv2%2Fmedia&parent=7629"}],"wp:term":[{"taxonomy":"category","embeddable":true,"href":"https:\/\/fmpatagoniamadryn.com.ar\/index.php?rest_route=%2Fwp%2Fv2%2Fcategories&post=7629"},{"taxonomy":"post_tag","embeddable":true,"href":"https:\/\/fmpatagoniamadryn.com.ar\/index.php?rest_route=%2Fwp%2Fv2%2Ftags&post=7629"}],"curies":[{"name":"wp","href":"https:\/\/api.w.org\/{rel}","templated":true}]}}