{"id":769,"date":"2023-03-13T21:07:18","date_gmt":"2023-03-14T00:07:18","guid":{"rendered":"https:\/\/fmpatagoniamadryn.com.ar\/?p=769"},"modified":"2023-03-13T21:07:34","modified_gmt":"2023-03-14T00:07:34","slug":"la-escuela-n-704-biologia-marina-de-comodoro-rivadavia-volvera-a-la-actividad-en-el-centro-de-formacion-profesional-no-652","status":"publish","type":"post","link":"https:\/\/fmpatagoniamadryn.com.ar\/?p=769","title":{"rendered":"La Escuela N\u00b0 704 \u201cBiolog\u00eda Marina\u201d de Comodoro Rivadavia volver\u00e1 a la actividad en el Centro de Formaci\u00f3n Profesional N\u00ba 652"},"content":{"rendered":"\n<p><br><br>Tras una reuni\u00f3n en la que participaron representantes del Gobierno Provincial, equipos directivos y padres; se acord\u00f3 la distribuci\u00f3n de los distintos espacios para el normal funcionamiento de las clases.<br><br>Este lunes, representantes del Ministerio de Educaci\u00f3n mantuvieron un encuentro en el Centro de Formaci\u00f3n Profesional (CFP) N\u00ba 652 junto a equipos directivos, docentes y padres de la Escuela N\u00b0 704 \u201cBiolog\u00eda Marina\u201d.<br><br>El objetivo de la reuni\u00f3n fue presentar un nuevo plan de contingencia para que los estudiantes de la Escuela 704 retornen a la actividad mientras el edificio escolar se encuentra en obra.<br><br>Se acord\u00f3 mediante acta, que el CFP 652 ceder\u00e1 el espacio para que todos los estudiantes de la 704 que a\u00fan no hab\u00edan comenzado con las clases; puedan realizar el ciclo lectivo en las instalaciones. Un total de 12 aulas para el funcionamiento de las clases, 2 espacios para laboratorios y el SUM para las pr\u00e1cticas de Educaci\u00f3n F\u00edsica.<br><br>Tanto el equipo directivo como los padres est\u00e1n a favor de este plan de contingencia para el retorno a clases de los estudiantes, ya que el espacio brindado por el Centro de Formaci\u00f3n Profesional est\u00e1 en \u00f3ptimas condiciones para llevar adelante las actividades con normalidad.<br><br>Por parte del Ministerio, estuvieron presentes los subsecretarios de Recursos, Apoyo y Servicios Auxiliares, Jos\u00e9 Mart\u00edn Alaniz, y de Coordinaci\u00f3n, Roc\u00edo Silva Preciado. Quienes fueron acompa\u00f1ados por los directores generales de Educaci\u00f3n Secundaria, Silvia Iglesias, y de Promoci\u00f3n Cient\u00edfica y T\u00e9cnica, Gerardo Garmendia.<br><br>Obras en el edificio de la Escuela N\u00b0 704 \u201cBiolog\u00eda Marina\u201d<br><br>\u201cLa reconocida Escuela de Biolog\u00eda Marina de la ciudad petrolera, ha convivido durante a\u00f1os con fallas estructurales que merec\u00edan una intervenci\u00f3n integral\u201d, destac\u00f3 durante el comienzo del ciclo lectivo el ministro de Educaci\u00f3n de la Provincia, Jos\u00e9 Mar\u00eda Grazzini.<br><br>Se trata de un trabajo mancomunado entre Ministerios. Por un lado, la cartera de Infraestructura, a partir del diagn\u00f3stico t\u00e9cnico, desarrolla los trabajos de adecuaci\u00f3n del establecimiento educativo.  Paralelamente, el Ministerio de Educaci\u00f3n brinda alternativas para que los \/as estudiantes tengan continuidad en sus trayectorias durante el ciclo lectivo 2023; como as\u00ed tambi\u00e9n que se sientan acompa\u00f1ados\/as y cuidados\/as.<br><br>El equipo directivo de la Escuela, con el asesoramiento y acompa\u00f1amiento del Ministerio de Educaci\u00f3n, ha desarrollado un plan de trabajo situado cuyo objetivo es resguardar el derecho a la educaci\u00f3n de los\/as adolescencias y juventudes que cursan sus estudios en esta instituci\u00f3n.<\/p>\n","protected":false},"excerpt":{"rendered":"<p>Tras una reuni\u00f3n en la que participaron representantes del Gobierno Provincial, equipos directivos y padres; se acord\u00f3 la distribuci\u00f3n de los distintos espacios para el normal funcionamiento de las clases.&hellip; <\/p>\n","protected":false},"author":3,"featured_media":768,"comment_status":"closed","ping_status":"closed","sticky":false,"template":"","format":"standard","meta":{"footnotes":""},"categories":[14],"tags":[],"class_list":["post-769","post","type-post","status-publish","format-standard","has-post-thumbnail","hentry","category-provinciales"],"yoast_head":"<!-- This site is optimized with the Yoast SEO plugin v27.5 - https:\/\/yoast.com\/product\/yoast-seo-wordpress\/ -->\n<title>La Escuela N\u00b0 704 \u201cBiolog\u00eda Marina\u201d de Comodoro Rivadavia volver\u00e1 a la actividad en el Centro de Formaci\u00f3n Profesional N\u00ba 652 - FM Patagonia Madryn<\/title>\n<meta name=\"robots\" content=\"index, follow, max-snippet:-1, max-image-preview:large, max-video-preview:-1\" \/>\n<link rel=\"canonical\" href=\"https:\/\/fmpatagoniamadryn.com.ar\/?p=769\" \/>\n<meta property=\"og:locale\" content=\"es_ES\" \/>\n<meta property=\"og:type\" content=\"article\" \/>\n<meta property=\"og:title\" content=\"La Escuela N\u00b0 704 \u201cBiolog\u00eda Marina\u201d de Comodoro Rivadavia volver\u00e1 a la actividad en el Centro de Formaci\u00f3n Profesional N\u00ba 652 - FM Patagonia Madryn\" \/>\n<meta property=\"og:description\" content=\"Tras una reuni\u00f3n en la que participaron representantes del Gobierno Provincial, equipos directivos y padres; se acord\u00f3 la distribuci\u00f3n de los distintos espacios para el normal funcionamiento de las clases.&hellip;\" \/>\n<meta property=\"og:url\" content=\"https:\/\/fmpatagoniamadryn.com.ar\/?p=769\" \/>\n<meta property=\"og:site_name\" content=\"FM Patagonia Madryn\" \/>\n<meta property=\"article:published_time\" content=\"2023-03-14T00:07:18+00:00\" \/>\n<meta property=\"article:modified_time\" content=\"2023-03-14T00:07:34+00:00\" \/>\n<meta property=\"og:image\" content=\"https:\/\/fmpatagoniamadryn.com.ar\/wp-content\/uploads\/2023\/03\/Biologia-Marina-CR-4.jpeg\" \/>\n\t<meta property=\"og:image:width\" content=\"1600\" \/>\n\t<meta property=\"og:image:height\" content=\"900\" \/>\n\t<meta property=\"og:image:type\" content=\"image\/jpeg\" \/>\n<meta name=\"author\" content=\"FM Patagonia\" \/>\n<meta name=\"twitter:card\" content=\"summary_large_image\" \/>\n<meta name=\"twitter:label1\" content=\"Escrito por\" \/>\n\t<meta name=\"twitter:data1\" content=\"FM Patagonia\" \/>\n\t<meta name=\"twitter:label2\" content=\"Tiempo de lectura\" \/>\n\t<meta name=\"twitter:data2\" content=\"2 minutos\" \/>\n<script type=\"application\/ld+json\" class=\"yoast-schema-graph\">{\"@context\":\"https:\\\/\\\/schema.org\",\"@graph\":[{\"@type\":\"Article\",\"@id\":\"https:\\\/\\\/fmpatagoniamadryn.com.ar\\\/?p=769#article\",\"isPartOf\":{\"@id\":\"https:\\\/\\\/fmpatagoniamadryn.com.ar\\\/?p=769\"},\"author\":{\"name\":\"FM Patagonia\",\"@id\":\"https:\\\/\\\/fmpatagoniamadryn.com.ar\\\/#\\\/schema\\\/person\\\/1d968ec613613768e14b4e6420a2b125\"},\"headline\":\"La Escuela N\u00b0 704 \u201cBiolog\u00eda Marina\u201d de Comodoro Rivadavia volver\u00e1 a la actividad en el Centro de Formaci\u00f3n Profesional N\u00ba 652\",\"datePublished\":\"2023-03-14T00:07:18+00:00\",\"dateModified\":\"2023-03-14T00:07:34+00:00\",\"mainEntityOfPage\":{\"@id\":\"https:\\\/\\\/fmpatagoniamadryn.com.ar\\\/?p=769\"},\"wordCount\":447,\"publisher\":{\"@id\":\"https:\\\/\\\/fmpatagoniamadryn.com.ar\\\/#organization\"},\"image\":{\"@id\":\"https:\\\/\\\/fmpatagoniamadryn.com.ar\\\/?p=769#primaryimage\"},\"thumbnailUrl\":\"https:\\\/\\\/fmpatagoniamadryn.com.ar\\\/wp-content\\\/uploads\\\/2023\\\/03\\\/Biologia-Marina-CR-4.jpeg\",\"articleSection\":[\"Provinciales\"],\"inLanguage\":\"es\"},{\"@type\":\"WebPage\",\"@id\":\"https:\\\/\\\/fmpatagoniamadryn.com.ar\\\/?p=769\",\"url\":\"https:\\\/\\\/fmpatagoniamadryn.com.ar\\\/?p=769\",\"name\":\"La Escuela N\u00b0 704 \u201cBiolog\u00eda Marina\u201d de Comodoro Rivadavia volver\u00e1 a la actividad en el Centro de Formaci\u00f3n Profesional N\u00ba 652 - FM Patagonia Madryn\",\"isPartOf\":{\"@id\":\"https:\\\/\\\/fmpatagoniamadryn.com.ar\\\/#website\"},\"primaryImageOfPage\":{\"@id\":\"https:\\\/\\\/fmpatagoniamadryn.com.ar\\\/?p=769#primaryimage\"},\"image\":{\"@id\":\"https:\\\/\\\/fmpatagoniamadryn.com.ar\\\/?p=769#primaryimage\"},\"thumbnailUrl\":\"https:\\\/\\\/fmpatagoniamadryn.com.ar\\\/wp-content\\\/uploads\\\/2023\\\/03\\\/Biologia-Marina-CR-4.jpeg\",\"datePublished\":\"2023-03-14T00:07:18+00:00\",\"dateModified\":\"2023-03-14T00:07:34+00:00\",\"breadcrumb\":{\"@id\":\"https:\\\/\\\/fmpatagoniamadryn.com.ar\\\/?p=769#breadcrumb\"},\"inLanguage\":\"es\",\"potentialAction\":[{\"@type\":\"ReadAction\",\"target\":[\"https:\\\/\\\/fmpatagoniamadryn.com.ar\\\/?p=769\"]}]},{\"@type\":\"ImageObject\",\"inLanguage\":\"es\",\"@id\":\"https:\\\/\\\/fmpatagoniamadryn.com.ar\\\/?p=769#primaryimage\",\"url\":\"https:\\\/\\\/fmpatagoniamadryn.com.ar\\\/wp-content\\\/uploads\\\/2023\\\/03\\\/Biologia-Marina-CR-4.jpeg\",\"contentUrl\":\"https:\\\/\\\/fmpatagoniamadryn.com.ar\\\/wp-content\\\/uploads\\\/2023\\\/03\\\/Biologia-Marina-CR-4.jpeg\",\"width\":1600,\"height\":900},{\"@type\":\"BreadcrumbList\",\"@id\":\"https:\\\/\\\/fmpatagoniamadryn.com.ar\\\/?p=769#breadcrumb\",\"itemListElement\":[{\"@type\":\"ListItem\",\"position\":1,\"name\":\"Portada\",\"item\":\"https:\\\/\\\/fmpatagoniamadryn.com.ar\\\/\"},{\"@type\":\"ListItem\",\"position\":2,\"name\":\"La Escuela N\u00b0 704 \u201cBiolog\u00eda Marina\u201d de Comodoro Rivadavia volver\u00e1 a la actividad en el Centro de Formaci\u00f3n Profesional N\u00ba 652\"}]},{\"@type\":\"WebSite\",\"@id\":\"https:\\\/\\\/fmpatagoniamadryn.com.ar\\\/#website\",\"url\":\"https:\\\/\\\/fmpatagoniamadryn.com.ar\\\/\",\"name\":\"FM Patagonia Madryn\",\"description\":\"Radio Patagonia 105.5\",\"publisher\":{\"@id\":\"https:\\\/\\\/fmpatagoniamadryn.com.ar\\\/#organization\"},\"potentialAction\":[{\"@type\":\"SearchAction\",\"target\":{\"@type\":\"EntryPoint\",\"urlTemplate\":\"https:\\\/\\\/fmpatagoniamadryn.com.ar\\\/?s={search_term_string}\"},\"query-input\":{\"@type\":\"PropertyValueSpecification\",\"valueRequired\":true,\"valueName\":\"search_term_string\"}}],\"inLanguage\":\"es\"},{\"@type\":\"Organization\",\"@id\":\"https:\\\/\\\/fmpatagoniamadryn.com.ar\\\/#organization\",\"name\":\"FM Patagonia Madryn\",\"url\":\"https:\\\/\\\/fmpatagoniamadryn.com.ar\\\/\",\"logo\":{\"@type\":\"ImageObject\",\"inLanguage\":\"es\",\"@id\":\"https:\\\/\\\/fmpatagoniamadryn.com.ar\\\/#\\\/schema\\\/logo\\\/image\\\/\",\"url\":\"https:\\\/\\\/fmpatagoniamadryn.com.ar\\\/wp-content\\\/uploads\\\/2023\\\/01\\\/cropped-Diseno-sin-titulo.png\",\"contentUrl\":\"https:\\\/\\\/fmpatagoniamadryn.com.ar\\\/wp-content\\\/uploads\\\/2023\\\/01\\\/cropped-Diseno-sin-titulo.png\",\"width\":6911,\"height\":2657,\"caption\":\"FM Patagonia Madryn\"},\"image\":{\"@id\":\"https:\\\/\\\/fmpatagoniamadryn.com.ar\\\/#\\\/schema\\\/logo\\\/image\\\/\"}},{\"@type\":\"Person\",\"@id\":\"https:\\\/\\\/fmpatagoniamadryn.com.ar\\\/#\\\/schema\\\/person\\\/1d968ec613613768e14b4e6420a2b125\",\"name\":\"FM Patagonia\",\"url\":\"https:\\\/\\\/fmpatagoniamadryn.com.ar\\\/?author=3\"}]}<\/script>\n<!-- \/ Yoast SEO plugin. -->","yoast_head_json":{"title":"La Escuela N\u00b0 704 \u201cBiolog\u00eda Marina\u201d de Comodoro Rivadavia volver\u00e1 a la actividad en el Centro de Formaci\u00f3n Profesional N\u00ba 652 - FM Patagonia Madryn","robots":{"index":"index","follow":"follow","max-snippet":"max-snippet:-1","max-image-preview":"max-image-preview:large","max-video-preview":"max-video-preview:-1"},"canonical":"https:\/\/fmpatagoniamadryn.com.ar\/?p=769","og_locale":"es_ES","og_type":"article","og_title":"La Escuela N\u00b0 704 \u201cBiolog\u00eda Marina\u201d de Comodoro Rivadavia volver\u00e1 a la actividad en el Centro de Formaci\u00f3n Profesional N\u00ba 652 - FM Patagonia Madryn","og_description":"Tras una reuni\u00f3n en la que participaron representantes del Gobierno Provincial, equipos directivos y padres; se acord\u00f3 la distribuci\u00f3n de los distintos espacios para el normal funcionamiento de las clases.&hellip;","og_url":"https:\/\/fmpatagoniamadryn.com.ar\/?p=769","og_site_name":"FM Patagonia Madryn","article_published_time":"2023-03-14T00:07:18+00:00","article_modified_time":"2023-03-14T00:07:34+00:00","og_image":[{"width":1600,"height":900,"url":"https:\/\/fmpatagoniamadryn.com.ar\/wp-content\/uploads\/2023\/03\/Biologia-Marina-CR-4.jpeg","type":"image\/jpeg"}],"author":"FM Patagonia","twitter_card":"summary_large_image","twitter_misc":{"Escrito por":"FM Patagonia","Tiempo de lectura":"2 minutos"},"schema":{"@context":"https:\/\/schema.org","@graph":[{"@type":"Article","@id":"https:\/\/fmpatagoniamadryn.com.ar\/?p=769#article","isPartOf":{"@id":"https:\/\/fmpatagoniamadryn.com.ar\/?p=769"},"author":{"name":"FM Patagonia","@id":"https:\/\/fmpatagoniamadryn.com.ar\/#\/schema\/person\/1d968ec613613768e14b4e6420a2b125"},"headline":"La Escuela N\u00b0 704 \u201cBiolog\u00eda Marina\u201d de Comodoro Rivadavia volver\u00e1 a la actividad en el Centro de Formaci\u00f3n Profesional N\u00ba 652","datePublished":"2023-03-14T00:07:18+00:00","dateModified":"2023-03-14T00:07:34+00:00","mainEntityOfPage":{"@id":"https:\/\/fmpatagoniamadryn.com.ar\/?p=769"},"wordCount":447,"publisher":{"@id":"https:\/\/fmpatagoniamadryn.com.ar\/#organization"},"image":{"@id":"https:\/\/fmpatagoniamadryn.com.ar\/?p=769#primaryimage"},"thumbnailUrl":"https:\/\/fmpatagoniamadryn.com.ar\/wp-content\/uploads\/2023\/03\/Biologia-Marina-CR-4.jpeg","articleSection":["Provinciales"],"inLanguage":"es"},{"@type":"WebPage","@id":"https:\/\/fmpatagoniamadryn.com.ar\/?p=769","url":"https:\/\/fmpatagoniamadryn.com.ar\/?p=769","name":"La Escuela N\u00b0 704 \u201cBiolog\u00eda Marina\u201d de Comodoro Rivadavia volver\u00e1 a la actividad en el Centro de Formaci\u00f3n Profesional N\u00ba 652 - FM Patagonia Madryn","isPartOf":{"@id":"https:\/\/fmpatagoniamadryn.com.ar\/#website"},"primaryImageOfPage":{"@id":"https:\/\/fmpatagoniamadryn.com.ar\/?p=769#primaryimage"},"image":{"@id":"https:\/\/fmpatagoniamadryn.com.ar\/?p=769#primaryimage"},"thumbnailUrl":"https:\/\/fmpatagoniamadryn.com.ar\/wp-content\/uploads\/2023\/03\/Biologia-Marina-CR-4.jpeg","datePublished":"2023-03-14T00:07:18+00:00","dateModified":"2023-03-14T00:07:34+00:00","breadcrumb":{"@id":"https:\/\/fmpatagoniamadryn.com.ar\/?p=769#breadcrumb"},"inLanguage":"es","potentialAction":[{"@type":"ReadAction","target":["https:\/\/fmpatagoniamadryn.com.ar\/?p=769"]}]},{"@type":"ImageObject","inLanguage":"es","@id":"https:\/\/fmpatagoniamadryn.com.ar\/?p=769#primaryimage","url":"https:\/\/fmpatagoniamadryn.com.ar\/wp-content\/uploads\/2023\/03\/Biologia-Marina-CR-4.jpeg","contentUrl":"https:\/\/fmpatagoniamadryn.com.ar\/wp-content\/uploads\/2023\/03\/Biologia-Marina-CR-4.jpeg","width":1600,"height":900},{"@type":"BreadcrumbList","@id":"https:\/\/fmpatagoniamadryn.com.ar\/?p=769#breadcrumb","itemListElement":[{"@type":"ListItem","position":1,"name":"Portada","item":"https:\/\/fmpatagoniamadryn.com.ar\/"},{"@type":"ListItem","position":2,"name":"La Escuela N\u00b0 704 \u201cBiolog\u00eda Marina\u201d de Comodoro Rivadavia volver\u00e1 a la actividad en el Centro de Formaci\u00f3n Profesional N\u00ba 652"}]},{"@type":"WebSite","@id":"https:\/\/fmpatagoniamadryn.com.ar\/#website","url":"https:\/\/fmpatagoniamadryn.com.ar\/","name":"FM Patagonia Madryn","description":"Radio Patagonia 105.5","publisher":{"@id":"https:\/\/fmpatagoniamadryn.com.ar\/#organization"},"potentialAction":[{"@type":"SearchAction","target":{"@type":"EntryPoint","urlTemplate":"https:\/\/fmpatagoniamadryn.com.ar\/?s={search_term_string}"},"query-input":{"@type":"PropertyValueSpecification","valueRequired":true,"valueName":"search_term_string"}}],"inLanguage":"es"},{"@type":"Organization","@id":"https:\/\/fmpatagoniamadryn.com.ar\/#organization","name":"FM Patagonia Madryn","url":"https:\/\/fmpatagoniamadryn.com.ar\/","logo":{"@type":"ImageObject","inLanguage":"es","@id":"https:\/\/fmpatagoniamadryn.com.ar\/#\/schema\/logo\/image\/","url":"https:\/\/fmpatagoniamadryn.com.ar\/wp-content\/uploads\/2023\/01\/cropped-Diseno-sin-titulo.png","contentUrl":"https:\/\/fmpatagoniamadryn.com.ar\/wp-content\/uploads\/2023\/01\/cropped-Diseno-sin-titulo.png","width":6911,"height":2657,"caption":"FM Patagonia Madryn"},"image":{"@id":"https:\/\/fmpatagoniamadryn.com.ar\/#\/schema\/logo\/image\/"}},{"@type":"Person","@id":"https:\/\/fmpatagoniamadryn.com.ar\/#\/schema\/person\/1d968ec613613768e14b4e6420a2b125","name":"FM Patagonia","url":"https:\/\/fmpatagoniamadryn.com.ar\/?author=3"}]}},"jetpack_featured_media_url":"https:\/\/fmpatagoniamadryn.com.ar\/wp-content\/uploads\/2023\/03\/Biologia-Marina-CR-4.jpeg","_links":{"self":[{"href":"https:\/\/fmpatagoniamadryn.com.ar\/index.php?rest_route=\/wp\/v2\/posts\/769","targetHints":{"allow":["GET"]}}],"collection":[{"href":"https:\/\/fmpatagoniamadryn.com.ar\/index.php?rest_route=\/wp\/v2\/posts"}],"about":[{"href":"https:\/\/fmpatagoniamadryn.com.ar\/index.php?rest_route=\/wp\/v2\/types\/post"}],"author":[{"embeddable":true,"href":"https:\/\/fmpatagoniamadryn.com.ar\/index.php?rest_route=\/wp\/v2\/users\/3"}],"replies":[{"embeddable":true,"href":"https:\/\/fmpatagoniamadryn.com.ar\/index.php?rest_route=%2Fwp%2Fv2%2Fcomments&post=769"}],"version-history":[{"count":1,"href":"https:\/\/fmpatagoniamadryn.com.ar\/index.php?rest_route=\/wp\/v2\/posts\/769\/revisions"}],"predecessor-version":[{"id":770,"href":"https:\/\/fmpatagoniamadryn.com.ar\/index.php?rest_route=\/wp\/v2\/posts\/769\/revisions\/770"}],"wp:featuredmedia":[{"embeddable":true,"href":"https:\/\/fmpatagoniamadryn.com.ar\/index.php?rest_route=\/wp\/v2\/media\/768"}],"wp:attachment":[{"href":"https:\/\/fmpatagoniamadryn.com.ar\/index.php?rest_route=%2Fwp%2Fv2%2Fmedia&parent=769"}],"wp:term":[{"taxonomy":"category","embeddable":true,"href":"https:\/\/fmpatagoniamadryn.com.ar\/index.php?rest_route=%2Fwp%2Fv2%2Fcategories&post=769"},{"taxonomy":"post_tag","embeddable":true,"href":"https:\/\/fmpatagoniamadryn.com.ar\/index.php?rest_route=%2Fwp%2Fv2%2Ftags&post=769"}],"curies":[{"name":"wp","href":"https:\/\/api.w.org\/{rel}","templated":true}]}}