{"id":7804,"date":"2023-12-15T12:41:22","date_gmt":"2023-12-15T15:41:22","guid":{"rendered":"https:\/\/fmpatagoniamadryn.com.ar\/?p=7804"},"modified":"2023-12-15T12:41:37","modified_gmt":"2023-12-15T15:41:37","slug":"madryn-el-nuevo-titular-de-la-administracion-portuaria-se-reunio-con-directores-para-potenciar-la-competitividad-del-puerto","status":"publish","type":"post","link":"https:\/\/fmpatagoniamadryn.com.ar\/?p=7804","title":{"rendered":"Madryn: el nuevo titular de la Administraci\u00f3n Portuaria se reuni\u00f3 con directores para potenciar la competitividad del Puerto"},"content":{"rendered":"\n<p>El flamante administrador encabez\u00f3 un encuentro de trabajo con los responsables de las \u00e1reas Comercial, Operativa y de Infraestructura de la APPM. \u201cBuscamos darle a nuestro puerto el lugar de importancia que se merece\u201d, puntualiz\u00f3.<br><br>El flamante titular de la Administraci\u00f3n Portuaria de Puerto Madryn (APPM), Diego P\u00e9rez, encabez\u00f3 una reuni\u00f3n de trabajo con los diferentes directores del organismo a fin de definir estrategias que redunden en mayores niveles de competitividad.<br><br>El encuentro tuvo como eje central trasladar los lineamientos de trabajo planteados por el gobernador de la Provincia, Ignacio \u201cNacho\u201d Torres, tendientes a posicionar al puerto de la ciudad en un lugar de competitividad respecto a otros del pa\u00eds y la regi\u00f3n.<br><br>\u201cPor mis a\u00f1os en la actividad privada y como usuario del puerto, ya conoc\u00eda a los directores y el compromiso de ellos con la APPM, lo cual facilita mucho las cosas. Estoy convencido de que con trabajo vamos a lograr darle a nuestro puerto el lugar de importancia que merece\u201d, destac\u00f3 P\u00e9rez tras la reuni\u00f3n.<br><br>Cabe recordar que la estructura interna de la Administraci\u00f3n Portuaria est\u00e1 encabezada, luego del administrador, por tres Direcciones: Comercial, bajo la coordinaci\u00f3n de H\u00e9ctor Ricciardolo; Operativa, a cargo de Mart\u00edn Liendo; y de Infraestructura, cuyo responsable es Mariano Taylor.<br><br>&#8212;<br><br> <\/p>\n","protected":false},"excerpt":{"rendered":"<p>El flamante administrador encabez\u00f3 un encuentro de trabajo con los responsables de las \u00e1reas Comercial, Operativa y de Infraestructura de la APPM. \u201cBuscamos darle a nuestro puerto el lugar de&hellip; <\/p>\n","protected":false},"author":3,"featured_media":7803,"comment_status":"closed","ping_status":"closed","sticky":false,"template":"","format":"standard","meta":{"footnotes":""},"categories":[15],"tags":[],"class_list":["post-7804","post","type-post","status-publish","format-standard","has-post-thumbnail","hentry","category-locales"],"yoast_head":"<!-- This site is optimized with the Yoast SEO plugin v27.5 - https:\/\/yoast.com\/product\/yoast-seo-wordpress\/ -->\n<title>Madryn: el nuevo titular de la Administraci\u00f3n Portuaria se reuni\u00f3 con directores para potenciar la competitividad del Puerto - FM Patagonia Madryn<\/title>\n<meta name=\"robots\" content=\"index, follow, max-snippet:-1, max-image-preview:large, max-video-preview:-1\" \/>\n<link rel=\"canonical\" href=\"https:\/\/fmpatagoniamadryn.com.ar\/?p=7804\" \/>\n<meta property=\"og:locale\" content=\"es_ES\" \/>\n<meta property=\"og:type\" content=\"article\" \/>\n<meta property=\"og:title\" content=\"Madryn: el nuevo titular de la Administraci\u00f3n Portuaria se reuni\u00f3 con directores para potenciar la competitividad del Puerto - FM Patagonia Madryn\" \/>\n<meta property=\"og:description\" content=\"El flamante administrador encabez\u00f3 un encuentro de trabajo con los responsables de las \u00e1reas Comercial, Operativa y de Infraestructura de la APPM. \u201cBuscamos darle a nuestro puerto el lugar de&hellip;\" \/>\n<meta property=\"og:url\" content=\"https:\/\/fmpatagoniamadryn.com.ar\/?p=7804\" \/>\n<meta property=\"og:site_name\" content=\"FM Patagonia Madryn\" \/>\n<meta property=\"article:published_time\" content=\"2023-12-15T15:41:22+00:00\" \/>\n<meta property=\"article:modified_time\" content=\"2023-12-15T15:41:37+00:00\" \/>\n<meta property=\"og:image\" content=\"https:\/\/fmpatagoniamadryn.com.ar\/wp-content\/uploads\/2023\/12\/APPM.jpg\" \/>\n\t<meta property=\"og:image:width\" content=\"1500\" \/>\n\t<meta property=\"og:image:height\" content=\"843\" \/>\n\t<meta property=\"og:image:type\" content=\"image\/jpeg\" \/>\n<meta name=\"author\" content=\"FM Patagonia\" \/>\n<meta name=\"twitter:card\" content=\"summary_large_image\" \/>\n<meta name=\"twitter:label1\" content=\"Escrito por\" \/>\n\t<meta name=\"twitter:data1\" content=\"FM Patagonia\" \/>\n\t<meta name=\"twitter:label2\" content=\"Tiempo de lectura\" \/>\n\t<meta name=\"twitter:data2\" content=\"1 minuto\" \/>\n<script type=\"application\/ld+json\" class=\"yoast-schema-graph\">{\"@context\":\"https:\\\/\\\/schema.org\",\"@graph\":[{\"@type\":\"Article\",\"@id\":\"https:\\\/\\\/fmpatagoniamadryn.com.ar\\\/?p=7804#article\",\"isPartOf\":{\"@id\":\"https:\\\/\\\/fmpatagoniamadryn.com.ar\\\/?p=7804\"},\"author\":{\"name\":\"FM Patagonia\",\"@id\":\"https:\\\/\\\/fmpatagoniamadryn.com.ar\\\/#\\\/schema\\\/person\\\/1d968ec613613768e14b4e6420a2b125\"},\"headline\":\"Madryn: el nuevo titular de la Administraci\u00f3n Portuaria se reuni\u00f3 con directores para potenciar la competitividad del Puerto\",\"datePublished\":\"2023-12-15T15:41:22+00:00\",\"dateModified\":\"2023-12-15T15:41:37+00:00\",\"mainEntityOfPage\":{\"@id\":\"https:\\\/\\\/fmpatagoniamadryn.com.ar\\\/?p=7804\"},\"wordCount\":240,\"publisher\":{\"@id\":\"https:\\\/\\\/fmpatagoniamadryn.com.ar\\\/#organization\"},\"image\":{\"@id\":\"https:\\\/\\\/fmpatagoniamadryn.com.ar\\\/?p=7804#primaryimage\"},\"thumbnailUrl\":\"https:\\\/\\\/fmpatagoniamadryn.com.ar\\\/wp-content\\\/uploads\\\/2023\\\/12\\\/APPM.jpg\",\"articleSection\":[\"Locales\"],\"inLanguage\":\"es\"},{\"@type\":\"WebPage\",\"@id\":\"https:\\\/\\\/fmpatagoniamadryn.com.ar\\\/?p=7804\",\"url\":\"https:\\\/\\\/fmpatagoniamadryn.com.ar\\\/?p=7804\",\"name\":\"Madryn: el nuevo titular de la Administraci\u00f3n Portuaria se reuni\u00f3 con directores para potenciar la competitividad del Puerto - FM Patagonia Madryn\",\"isPartOf\":{\"@id\":\"https:\\\/\\\/fmpatagoniamadryn.com.ar\\\/#website\"},\"primaryImageOfPage\":{\"@id\":\"https:\\\/\\\/fmpatagoniamadryn.com.ar\\\/?p=7804#primaryimage\"},\"image\":{\"@id\":\"https:\\\/\\\/fmpatagoniamadryn.com.ar\\\/?p=7804#primaryimage\"},\"thumbnailUrl\":\"https:\\\/\\\/fmpatagoniamadryn.com.ar\\\/wp-content\\\/uploads\\\/2023\\\/12\\\/APPM.jpg\",\"datePublished\":\"2023-12-15T15:41:22+00:00\",\"dateModified\":\"2023-12-15T15:41:37+00:00\",\"breadcrumb\":{\"@id\":\"https:\\\/\\\/fmpatagoniamadryn.com.ar\\\/?p=7804#breadcrumb\"},\"inLanguage\":\"es\",\"potentialAction\":[{\"@type\":\"ReadAction\",\"target\":[\"https:\\\/\\\/fmpatagoniamadryn.com.ar\\\/?p=7804\"]}]},{\"@type\":\"ImageObject\",\"inLanguage\":\"es\",\"@id\":\"https:\\\/\\\/fmpatagoniamadryn.com.ar\\\/?p=7804#primaryimage\",\"url\":\"https:\\\/\\\/fmpatagoniamadryn.com.ar\\\/wp-content\\\/uploads\\\/2023\\\/12\\\/APPM.jpg\",\"contentUrl\":\"https:\\\/\\\/fmpatagoniamadryn.com.ar\\\/wp-content\\\/uploads\\\/2023\\\/12\\\/APPM.jpg\",\"width\":1500,\"height\":843},{\"@type\":\"BreadcrumbList\",\"@id\":\"https:\\\/\\\/fmpatagoniamadryn.com.ar\\\/?p=7804#breadcrumb\",\"itemListElement\":[{\"@type\":\"ListItem\",\"position\":1,\"name\":\"Portada\",\"item\":\"https:\\\/\\\/fmpatagoniamadryn.com.ar\\\/\"},{\"@type\":\"ListItem\",\"position\":2,\"name\":\"Madryn: el nuevo titular de la Administraci\u00f3n Portuaria se reuni\u00f3 con directores para potenciar la competitividad del Puerto\"}]},{\"@type\":\"WebSite\",\"@id\":\"https:\\\/\\\/fmpatagoniamadryn.com.ar\\\/#website\",\"url\":\"https:\\\/\\\/fmpatagoniamadryn.com.ar\\\/\",\"name\":\"FM Patagonia Madryn\",\"description\":\"Radio Patagonia 105.5\",\"publisher\":{\"@id\":\"https:\\\/\\\/fmpatagoniamadryn.com.ar\\\/#organization\"},\"potentialAction\":[{\"@type\":\"SearchAction\",\"target\":{\"@type\":\"EntryPoint\",\"urlTemplate\":\"https:\\\/\\\/fmpatagoniamadryn.com.ar\\\/?s={search_term_string}\"},\"query-input\":{\"@type\":\"PropertyValueSpecification\",\"valueRequired\":true,\"valueName\":\"search_term_string\"}}],\"inLanguage\":\"es\"},{\"@type\":\"Organization\",\"@id\":\"https:\\\/\\\/fmpatagoniamadryn.com.ar\\\/#organization\",\"name\":\"FM Patagonia Madryn\",\"url\":\"https:\\\/\\\/fmpatagoniamadryn.com.ar\\\/\",\"logo\":{\"@type\":\"ImageObject\",\"inLanguage\":\"es\",\"@id\":\"https:\\\/\\\/fmpatagoniamadryn.com.ar\\\/#\\\/schema\\\/logo\\\/image\\\/\",\"url\":\"https:\\\/\\\/fmpatagoniamadryn.com.ar\\\/wp-content\\\/uploads\\\/2023\\\/01\\\/cropped-Diseno-sin-titulo.png\",\"contentUrl\":\"https:\\\/\\\/fmpatagoniamadryn.com.ar\\\/wp-content\\\/uploads\\\/2023\\\/01\\\/cropped-Diseno-sin-titulo.png\",\"width\":6911,\"height\":2657,\"caption\":\"FM Patagonia Madryn\"},\"image\":{\"@id\":\"https:\\\/\\\/fmpatagoniamadryn.com.ar\\\/#\\\/schema\\\/logo\\\/image\\\/\"}},{\"@type\":\"Person\",\"@id\":\"https:\\\/\\\/fmpatagoniamadryn.com.ar\\\/#\\\/schema\\\/person\\\/1d968ec613613768e14b4e6420a2b125\",\"name\":\"FM Patagonia\",\"url\":\"https:\\\/\\\/fmpatagoniamadryn.com.ar\\\/?author=3\"}]}<\/script>\n<!-- \/ Yoast SEO plugin. -->","yoast_head_json":{"title":"Madryn: el nuevo titular de la Administraci\u00f3n Portuaria se reuni\u00f3 con directores para potenciar la competitividad del Puerto - FM Patagonia Madryn","robots":{"index":"index","follow":"follow","max-snippet":"max-snippet:-1","max-image-preview":"max-image-preview:large","max-video-preview":"max-video-preview:-1"},"canonical":"https:\/\/fmpatagoniamadryn.com.ar\/?p=7804","og_locale":"es_ES","og_type":"article","og_title":"Madryn: el nuevo titular de la Administraci\u00f3n Portuaria se reuni\u00f3 con directores para potenciar la competitividad del Puerto - FM Patagonia Madryn","og_description":"El flamante administrador encabez\u00f3 un encuentro de trabajo con los responsables de las \u00e1reas Comercial, Operativa y de Infraestructura de la APPM. \u201cBuscamos darle a nuestro puerto el lugar de&hellip;","og_url":"https:\/\/fmpatagoniamadryn.com.ar\/?p=7804","og_site_name":"FM Patagonia Madryn","article_published_time":"2023-12-15T15:41:22+00:00","article_modified_time":"2023-12-15T15:41:37+00:00","og_image":[{"width":1500,"height":843,"url":"https:\/\/fmpatagoniamadryn.com.ar\/wp-content\/uploads\/2023\/12\/APPM.jpg","type":"image\/jpeg"}],"author":"FM Patagonia","twitter_card":"summary_large_image","twitter_misc":{"Escrito por":"FM Patagonia","Tiempo de lectura":"1 minuto"},"schema":{"@context":"https:\/\/schema.org","@graph":[{"@type":"Article","@id":"https:\/\/fmpatagoniamadryn.com.ar\/?p=7804#article","isPartOf":{"@id":"https:\/\/fmpatagoniamadryn.com.ar\/?p=7804"},"author":{"name":"FM Patagonia","@id":"https:\/\/fmpatagoniamadryn.com.ar\/#\/schema\/person\/1d968ec613613768e14b4e6420a2b125"},"headline":"Madryn: el nuevo titular de la Administraci\u00f3n Portuaria se reuni\u00f3 con directores para potenciar la competitividad del Puerto","datePublished":"2023-12-15T15:41:22+00:00","dateModified":"2023-12-15T15:41:37+00:00","mainEntityOfPage":{"@id":"https:\/\/fmpatagoniamadryn.com.ar\/?p=7804"},"wordCount":240,"publisher":{"@id":"https:\/\/fmpatagoniamadryn.com.ar\/#organization"},"image":{"@id":"https:\/\/fmpatagoniamadryn.com.ar\/?p=7804#primaryimage"},"thumbnailUrl":"https:\/\/fmpatagoniamadryn.com.ar\/wp-content\/uploads\/2023\/12\/APPM.jpg","articleSection":["Locales"],"inLanguage":"es"},{"@type":"WebPage","@id":"https:\/\/fmpatagoniamadryn.com.ar\/?p=7804","url":"https:\/\/fmpatagoniamadryn.com.ar\/?p=7804","name":"Madryn: el nuevo titular de la Administraci\u00f3n Portuaria se reuni\u00f3 con directores para potenciar la competitividad del Puerto - FM Patagonia Madryn","isPartOf":{"@id":"https:\/\/fmpatagoniamadryn.com.ar\/#website"},"primaryImageOfPage":{"@id":"https:\/\/fmpatagoniamadryn.com.ar\/?p=7804#primaryimage"},"image":{"@id":"https:\/\/fmpatagoniamadryn.com.ar\/?p=7804#primaryimage"},"thumbnailUrl":"https:\/\/fmpatagoniamadryn.com.ar\/wp-content\/uploads\/2023\/12\/APPM.jpg","datePublished":"2023-12-15T15:41:22+00:00","dateModified":"2023-12-15T15:41:37+00:00","breadcrumb":{"@id":"https:\/\/fmpatagoniamadryn.com.ar\/?p=7804#breadcrumb"},"inLanguage":"es","potentialAction":[{"@type":"ReadAction","target":["https:\/\/fmpatagoniamadryn.com.ar\/?p=7804"]}]},{"@type":"ImageObject","inLanguage":"es","@id":"https:\/\/fmpatagoniamadryn.com.ar\/?p=7804#primaryimage","url":"https:\/\/fmpatagoniamadryn.com.ar\/wp-content\/uploads\/2023\/12\/APPM.jpg","contentUrl":"https:\/\/fmpatagoniamadryn.com.ar\/wp-content\/uploads\/2023\/12\/APPM.jpg","width":1500,"height":843},{"@type":"BreadcrumbList","@id":"https:\/\/fmpatagoniamadryn.com.ar\/?p=7804#breadcrumb","itemListElement":[{"@type":"ListItem","position":1,"name":"Portada","item":"https:\/\/fmpatagoniamadryn.com.ar\/"},{"@type":"ListItem","position":2,"name":"Madryn: el nuevo titular de la Administraci\u00f3n Portuaria se reuni\u00f3 con directores para potenciar la competitividad del Puerto"}]},{"@type":"WebSite","@id":"https:\/\/fmpatagoniamadryn.com.ar\/#website","url":"https:\/\/fmpatagoniamadryn.com.ar\/","name":"FM Patagonia Madryn","description":"Radio Patagonia 105.5","publisher":{"@id":"https:\/\/fmpatagoniamadryn.com.ar\/#organization"},"potentialAction":[{"@type":"SearchAction","target":{"@type":"EntryPoint","urlTemplate":"https:\/\/fmpatagoniamadryn.com.ar\/?s={search_term_string}"},"query-input":{"@type":"PropertyValueSpecification","valueRequired":true,"valueName":"search_term_string"}}],"inLanguage":"es"},{"@type":"Organization","@id":"https:\/\/fmpatagoniamadryn.com.ar\/#organization","name":"FM Patagonia Madryn","url":"https:\/\/fmpatagoniamadryn.com.ar\/","logo":{"@type":"ImageObject","inLanguage":"es","@id":"https:\/\/fmpatagoniamadryn.com.ar\/#\/schema\/logo\/image\/","url":"https:\/\/fmpatagoniamadryn.com.ar\/wp-content\/uploads\/2023\/01\/cropped-Diseno-sin-titulo.png","contentUrl":"https:\/\/fmpatagoniamadryn.com.ar\/wp-content\/uploads\/2023\/01\/cropped-Diseno-sin-titulo.png","width":6911,"height":2657,"caption":"FM Patagonia Madryn"},"image":{"@id":"https:\/\/fmpatagoniamadryn.com.ar\/#\/schema\/logo\/image\/"}},{"@type":"Person","@id":"https:\/\/fmpatagoniamadryn.com.ar\/#\/schema\/person\/1d968ec613613768e14b4e6420a2b125","name":"FM Patagonia","url":"https:\/\/fmpatagoniamadryn.com.ar\/?author=3"}]}},"jetpack_featured_media_url":"https:\/\/fmpatagoniamadryn.com.ar\/wp-content\/uploads\/2023\/12\/APPM.jpg","_links":{"self":[{"href":"https:\/\/fmpatagoniamadryn.com.ar\/index.php?rest_route=\/wp\/v2\/posts\/7804","targetHints":{"allow":["GET"]}}],"collection":[{"href":"https:\/\/fmpatagoniamadryn.com.ar\/index.php?rest_route=\/wp\/v2\/posts"}],"about":[{"href":"https:\/\/fmpatagoniamadryn.com.ar\/index.php?rest_route=\/wp\/v2\/types\/post"}],"author":[{"embeddable":true,"href":"https:\/\/fmpatagoniamadryn.com.ar\/index.php?rest_route=\/wp\/v2\/users\/3"}],"replies":[{"embeddable":true,"href":"https:\/\/fmpatagoniamadryn.com.ar\/index.php?rest_route=%2Fwp%2Fv2%2Fcomments&post=7804"}],"version-history":[{"count":1,"href":"https:\/\/fmpatagoniamadryn.com.ar\/index.php?rest_route=\/wp\/v2\/posts\/7804\/revisions"}],"predecessor-version":[{"id":7805,"href":"https:\/\/fmpatagoniamadryn.com.ar\/index.php?rest_route=\/wp\/v2\/posts\/7804\/revisions\/7805"}],"wp:featuredmedia":[{"embeddable":true,"href":"https:\/\/fmpatagoniamadryn.com.ar\/index.php?rest_route=\/wp\/v2\/media\/7803"}],"wp:attachment":[{"href":"https:\/\/fmpatagoniamadryn.com.ar\/index.php?rest_route=%2Fwp%2Fv2%2Fmedia&parent=7804"}],"wp:term":[{"taxonomy":"category","embeddable":true,"href":"https:\/\/fmpatagoniamadryn.com.ar\/index.php?rest_route=%2Fwp%2Fv2%2Fcategories&post=7804"},{"taxonomy":"post_tag","embeddable":true,"href":"https:\/\/fmpatagoniamadryn.com.ar\/index.php?rest_route=%2Fwp%2Fv2%2Ftags&post=7804"}],"curies":[{"name":"wp","href":"https:\/\/api.w.org\/{rel}","templated":true}]}}