{"id":7834,"date":"2023-12-17T17:08:49","date_gmt":"2023-12-17T20:08:49","guid":{"rendered":"https:\/\/fmpatagoniamadryn.com.ar\/?p=7834"},"modified":"2023-12-17T17:09:15","modified_gmt":"2023-12-17T20:09:15","slug":"el-intendente-participo-de-la-inauguracion-del-nuevo-kartodromo-de-puerto-madryn","status":"publish","type":"post","link":"https:\/\/fmpatagoniamadryn.com.ar\/?p=7834","title":{"rendered":"EL INTENDENTE PARTICIP\u00d3 DE LA INAUGURACI\u00d3N DEL NUEVO KART\u00d3DROMO DE PUERTO MADRYN"},"content":{"rendered":"\n<p><br><br>Gustavo Sastre destac\u00f3 la apertura de \u201cKarting Madryn\u201d, el espacio que ya abri\u00f3 sus puertas y que puede ser disfrutado por los vecinos de nuestra ciudad y tambi\u00e9n por quienes decidan vacacionar en la localidad<br><br><br>El intendente de Puerto Madryn, Gustavo Sastre, particip\u00f3 de la inauguraci\u00f3n del nuevo kart\u00f3dromo con el que cuenta nuestra ciudad. Este sitio, se encuentra ubicado en la intersecci\u00f3n de la Ruta Nacional N\u00ba3 y la Ruta Nacional A010, en la zona noroeste de la localidad.<br><br>Concretamente, el espacio se llama \u201cKarting Madryn\u201d y se trata de un kart\u00f3dromo indoor de grandes dimensiones, que tiene planificado ampliar su pista con un sector externo, convirti\u00e9ndose en un espacio apto para distintas competencias. As\u00ed, este sitio se convierte en un un nuevo sector recreativo, que ya puede ser disfrutado por vecinos de la ciudad y tambi\u00e9n por los turistas que arriben a la localidad.<br><br>Nuevas alternativas<br><br>Al respecto, el Intendente dijo: \u201cParticipamos de la inauguraci\u00f3n de \u2018Karting Madryn\u2019, el nuevo kart\u00f3dromo con el que cuenta nuestra ciudad. Gracias a una gran inversi\u00f3n y a muchos meses de arduo trabajo, hoy contamos con un nuevo sitio deportivo y recreativo que ya puede ser disfrutado por los madrynenses y por quienes decidan vacacionar aqu\u00ed\u201d.<br><br>En este mismo sentido, el Jefe Comunal remarc\u00f3: \u201cDesde el Municipio siempre vamos a apoyar, respaldar y acompa\u00f1ar a quienes decidan invertir en Puerto Madryn. Esto genera nuevos espacios, m\u00e1s posibilidades y tambi\u00e9n nos ayuda en la creaci\u00f3n de mano de obra y empleo genuino para nuestros vecinos\u201d.<br><br>Los presentes<br><br>En la presentaci\u00f3n del kart\u00f3dromo \u201cKarting Madryn\u201d, Sastre estuvo acompa\u00f1ado por los due\u00f1os del emprendimiento; el viceintendente Mart\u00edn Ebene y el secretario de Obras P\u00fablicas y Desarrollo Urbano, Esteban Abel<\/p>\n","protected":false},"excerpt":{"rendered":"<p>Gustavo Sastre destac\u00f3 la apertura de \u201cKarting Madryn\u201d, el espacio que ya abri\u00f3 sus puertas y que puede ser disfrutado por los vecinos de nuestra ciudad y tambi\u00e9n por quienes&hellip; <\/p>\n","protected":false},"author":2,"featured_media":7833,"comment_status":"closed","ping_status":"closed","sticky":false,"template":"","format":"standard","meta":{"footnotes":""},"categories":[15],"tags":[],"class_list":["post-7834","post","type-post","status-publish","format-standard","has-post-thumbnail","hentry","category-locales"],"yoast_head":"<!-- This site is optimized with the Yoast SEO plugin v27.5 - https:\/\/yoast.com\/product\/yoast-seo-wordpress\/ -->\n<title>EL INTENDENTE PARTICIP\u00d3 DE LA INAUGURACI\u00d3N DEL NUEVO KART\u00d3DROMO DE PUERTO MADRYN - FM Patagonia Madryn<\/title>\n<meta name=\"robots\" content=\"index, follow, max-snippet:-1, max-image-preview:large, max-video-preview:-1\" \/>\n<link rel=\"canonical\" href=\"https:\/\/fmpatagoniamadryn.com.ar\/?p=7834\" \/>\n<meta property=\"og:locale\" content=\"es_ES\" \/>\n<meta property=\"og:type\" content=\"article\" \/>\n<meta property=\"og:title\" content=\"EL INTENDENTE PARTICIP\u00d3 DE LA INAUGURACI\u00d3N DEL NUEVO KART\u00d3DROMO DE PUERTO MADRYN - FM Patagonia Madryn\" \/>\n<meta property=\"og:description\" content=\"Gustavo Sastre destac\u00f3 la apertura de \u201cKarting Madryn\u201d, el espacio que ya abri\u00f3 sus puertas y que puede ser disfrutado por los vecinos de nuestra ciudad y tambi\u00e9n por quienes&hellip;\" \/>\n<meta property=\"og:url\" content=\"https:\/\/fmpatagoniamadryn.com.ar\/?p=7834\" \/>\n<meta property=\"og:site_name\" content=\"FM Patagonia Madryn\" \/>\n<meta property=\"article:published_time\" content=\"2023-12-17T20:08:49+00:00\" \/>\n<meta property=\"article:modified_time\" content=\"2023-12-17T20:09:15+00:00\" \/>\n<meta property=\"og:image\" content=\"https:\/\/fmpatagoniamadryn.com.ar\/wp-content\/uploads\/2023\/12\/7fa45618-8a86-4782-ac4a-0a508e3171d7-scaled.jpg\" \/>\n\t<meta property=\"og:image:width\" content=\"2560\" \/>\n\t<meta property=\"og:image:height\" content=\"1706\" \/>\n\t<meta property=\"og:image:type\" content=\"image\/jpeg\" \/>\n<meta name=\"author\" content=\"FM Patagonia\" \/>\n<meta name=\"twitter:card\" content=\"summary_large_image\" \/>\n<meta name=\"twitter:label1\" content=\"Escrito por\" \/>\n\t<meta name=\"twitter:data1\" content=\"FM Patagonia\" \/>\n\t<meta name=\"twitter:label2\" content=\"Tiempo de lectura\" \/>\n\t<meta name=\"twitter:data2\" content=\"2 minutos\" \/>\n<script type=\"application\/ld+json\" class=\"yoast-schema-graph\">{\"@context\":\"https:\\\/\\\/schema.org\",\"@graph\":[{\"@type\":\"Article\",\"@id\":\"https:\\\/\\\/fmpatagoniamadryn.com.ar\\\/?p=7834#article\",\"isPartOf\":{\"@id\":\"https:\\\/\\\/fmpatagoniamadryn.com.ar\\\/?p=7834\"},\"author\":{\"name\":\"FM Patagonia\",\"@id\":\"https:\\\/\\\/fmpatagoniamadryn.com.ar\\\/#\\\/schema\\\/person\\\/8a3de4ad7efceacab06c1641c50303b7\"},\"headline\":\"EL INTENDENTE PARTICIP\u00d3 DE LA INAUGURACI\u00d3N DEL NUEVO KART\u00d3DROMO DE PUERTO MADRYN\",\"datePublished\":\"2023-12-17T20:08:49+00:00\",\"dateModified\":\"2023-12-17T20:09:15+00:00\",\"mainEntityOfPage\":{\"@id\":\"https:\\\/\\\/fmpatagoniamadryn.com.ar\\\/?p=7834\"},\"wordCount\":318,\"publisher\":{\"@id\":\"https:\\\/\\\/fmpatagoniamadryn.com.ar\\\/#organization\"},\"image\":{\"@id\":\"https:\\\/\\\/fmpatagoniamadryn.com.ar\\\/?p=7834#primaryimage\"},\"thumbnailUrl\":\"https:\\\/\\\/fmpatagoniamadryn.com.ar\\\/wp-content\\\/uploads\\\/2023\\\/12\\\/7fa45618-8a86-4782-ac4a-0a508e3171d7-scaled.jpg\",\"articleSection\":[\"Locales\"],\"inLanguage\":\"es\"},{\"@type\":\"WebPage\",\"@id\":\"https:\\\/\\\/fmpatagoniamadryn.com.ar\\\/?p=7834\",\"url\":\"https:\\\/\\\/fmpatagoniamadryn.com.ar\\\/?p=7834\",\"name\":\"EL INTENDENTE PARTICIP\u00d3 DE LA INAUGURACI\u00d3N DEL NUEVO KART\u00d3DROMO DE PUERTO MADRYN - FM Patagonia Madryn\",\"isPartOf\":{\"@id\":\"https:\\\/\\\/fmpatagoniamadryn.com.ar\\\/#website\"},\"primaryImageOfPage\":{\"@id\":\"https:\\\/\\\/fmpatagoniamadryn.com.ar\\\/?p=7834#primaryimage\"},\"image\":{\"@id\":\"https:\\\/\\\/fmpatagoniamadryn.com.ar\\\/?p=7834#primaryimage\"},\"thumbnailUrl\":\"https:\\\/\\\/fmpatagoniamadryn.com.ar\\\/wp-content\\\/uploads\\\/2023\\\/12\\\/7fa45618-8a86-4782-ac4a-0a508e3171d7-scaled.jpg\",\"datePublished\":\"2023-12-17T20:08:49+00:00\",\"dateModified\":\"2023-12-17T20:09:15+00:00\",\"breadcrumb\":{\"@id\":\"https:\\\/\\\/fmpatagoniamadryn.com.ar\\\/?p=7834#breadcrumb\"},\"inLanguage\":\"es\",\"potentialAction\":[{\"@type\":\"ReadAction\",\"target\":[\"https:\\\/\\\/fmpatagoniamadryn.com.ar\\\/?p=7834\"]}]},{\"@type\":\"ImageObject\",\"inLanguage\":\"es\",\"@id\":\"https:\\\/\\\/fmpatagoniamadryn.com.ar\\\/?p=7834#primaryimage\",\"url\":\"https:\\\/\\\/fmpatagoniamadryn.com.ar\\\/wp-content\\\/uploads\\\/2023\\\/12\\\/7fa45618-8a86-4782-ac4a-0a508e3171d7-scaled.jpg\",\"contentUrl\":\"https:\\\/\\\/fmpatagoniamadryn.com.ar\\\/wp-content\\\/uploads\\\/2023\\\/12\\\/7fa45618-8a86-4782-ac4a-0a508e3171d7-scaled.jpg\",\"width\":2560,\"height\":1706},{\"@type\":\"BreadcrumbList\",\"@id\":\"https:\\\/\\\/fmpatagoniamadryn.com.ar\\\/?p=7834#breadcrumb\",\"itemListElement\":[{\"@type\":\"ListItem\",\"position\":1,\"name\":\"Portada\",\"item\":\"https:\\\/\\\/fmpatagoniamadryn.com.ar\\\/\"},{\"@type\":\"ListItem\",\"position\":2,\"name\":\"EL INTENDENTE PARTICIP\u00d3 DE LA INAUGURACI\u00d3N DEL NUEVO KART\u00d3DROMO DE PUERTO MADRYN\"}]},{\"@type\":\"WebSite\",\"@id\":\"https:\\\/\\\/fmpatagoniamadryn.com.ar\\\/#website\",\"url\":\"https:\\\/\\\/fmpatagoniamadryn.com.ar\\\/\",\"name\":\"FM Patagonia Madryn\",\"description\":\"Radio Patagonia 105.5\",\"publisher\":{\"@id\":\"https:\\\/\\\/fmpatagoniamadryn.com.ar\\\/#organization\"},\"potentialAction\":[{\"@type\":\"SearchAction\",\"target\":{\"@type\":\"EntryPoint\",\"urlTemplate\":\"https:\\\/\\\/fmpatagoniamadryn.com.ar\\\/?s={search_term_string}\"},\"query-input\":{\"@type\":\"PropertyValueSpecification\",\"valueRequired\":true,\"valueName\":\"search_term_string\"}}],\"inLanguage\":\"es\"},{\"@type\":\"Organization\",\"@id\":\"https:\\\/\\\/fmpatagoniamadryn.com.ar\\\/#organization\",\"name\":\"FM Patagonia Madryn\",\"url\":\"https:\\\/\\\/fmpatagoniamadryn.com.ar\\\/\",\"logo\":{\"@type\":\"ImageObject\",\"inLanguage\":\"es\",\"@id\":\"https:\\\/\\\/fmpatagoniamadryn.com.ar\\\/#\\\/schema\\\/logo\\\/image\\\/\",\"url\":\"https:\\\/\\\/fmpatagoniamadryn.com.ar\\\/wp-content\\\/uploads\\\/2023\\\/01\\\/cropped-Diseno-sin-titulo.png\",\"contentUrl\":\"https:\\\/\\\/fmpatagoniamadryn.com.ar\\\/wp-content\\\/uploads\\\/2023\\\/01\\\/cropped-Diseno-sin-titulo.png\",\"width\":6911,\"height\":2657,\"caption\":\"FM Patagonia Madryn\"},\"image\":{\"@id\":\"https:\\\/\\\/fmpatagoniamadryn.com.ar\\\/#\\\/schema\\\/logo\\\/image\\\/\"}},{\"@type\":\"Person\",\"@id\":\"https:\\\/\\\/fmpatagoniamadryn.com.ar\\\/#\\\/schema\\\/person\\\/8a3de4ad7efceacab06c1641c50303b7\",\"name\":\"FM Patagonia\",\"url\":\"https:\\\/\\\/fmpatagoniamadryn.com.ar\\\/?author=2\"}]}<\/script>\n<!-- \/ Yoast SEO plugin. -->","yoast_head_json":{"title":"EL INTENDENTE PARTICIP\u00d3 DE LA INAUGURACI\u00d3N DEL NUEVO KART\u00d3DROMO DE PUERTO MADRYN - FM Patagonia Madryn","robots":{"index":"index","follow":"follow","max-snippet":"max-snippet:-1","max-image-preview":"max-image-preview:large","max-video-preview":"max-video-preview:-1"},"canonical":"https:\/\/fmpatagoniamadryn.com.ar\/?p=7834","og_locale":"es_ES","og_type":"article","og_title":"EL INTENDENTE PARTICIP\u00d3 DE LA INAUGURACI\u00d3N DEL NUEVO KART\u00d3DROMO DE PUERTO MADRYN - FM Patagonia Madryn","og_description":"Gustavo Sastre destac\u00f3 la apertura de \u201cKarting Madryn\u201d, el espacio que ya abri\u00f3 sus puertas y que puede ser disfrutado por los vecinos de nuestra ciudad y tambi\u00e9n por quienes&hellip;","og_url":"https:\/\/fmpatagoniamadryn.com.ar\/?p=7834","og_site_name":"FM Patagonia Madryn","article_published_time":"2023-12-17T20:08:49+00:00","article_modified_time":"2023-12-17T20:09:15+00:00","og_image":[{"width":2560,"height":1706,"url":"https:\/\/fmpatagoniamadryn.com.ar\/wp-content\/uploads\/2023\/12\/7fa45618-8a86-4782-ac4a-0a508e3171d7-scaled.jpg","type":"image\/jpeg"}],"author":"FM Patagonia","twitter_card":"summary_large_image","twitter_misc":{"Escrito por":"FM Patagonia","Tiempo de lectura":"2 minutos"},"schema":{"@context":"https:\/\/schema.org","@graph":[{"@type":"Article","@id":"https:\/\/fmpatagoniamadryn.com.ar\/?p=7834#article","isPartOf":{"@id":"https:\/\/fmpatagoniamadryn.com.ar\/?p=7834"},"author":{"name":"FM Patagonia","@id":"https:\/\/fmpatagoniamadryn.com.ar\/#\/schema\/person\/8a3de4ad7efceacab06c1641c50303b7"},"headline":"EL INTENDENTE PARTICIP\u00d3 DE LA INAUGURACI\u00d3N DEL NUEVO KART\u00d3DROMO DE PUERTO MADRYN","datePublished":"2023-12-17T20:08:49+00:00","dateModified":"2023-12-17T20:09:15+00:00","mainEntityOfPage":{"@id":"https:\/\/fmpatagoniamadryn.com.ar\/?p=7834"},"wordCount":318,"publisher":{"@id":"https:\/\/fmpatagoniamadryn.com.ar\/#organization"},"image":{"@id":"https:\/\/fmpatagoniamadryn.com.ar\/?p=7834#primaryimage"},"thumbnailUrl":"https:\/\/fmpatagoniamadryn.com.ar\/wp-content\/uploads\/2023\/12\/7fa45618-8a86-4782-ac4a-0a508e3171d7-scaled.jpg","articleSection":["Locales"],"inLanguage":"es"},{"@type":"WebPage","@id":"https:\/\/fmpatagoniamadryn.com.ar\/?p=7834","url":"https:\/\/fmpatagoniamadryn.com.ar\/?p=7834","name":"EL INTENDENTE PARTICIP\u00d3 DE LA INAUGURACI\u00d3N DEL NUEVO KART\u00d3DROMO DE PUERTO MADRYN - FM Patagonia Madryn","isPartOf":{"@id":"https:\/\/fmpatagoniamadryn.com.ar\/#website"},"primaryImageOfPage":{"@id":"https:\/\/fmpatagoniamadryn.com.ar\/?p=7834#primaryimage"},"image":{"@id":"https:\/\/fmpatagoniamadryn.com.ar\/?p=7834#primaryimage"},"thumbnailUrl":"https:\/\/fmpatagoniamadryn.com.ar\/wp-content\/uploads\/2023\/12\/7fa45618-8a86-4782-ac4a-0a508e3171d7-scaled.jpg","datePublished":"2023-12-17T20:08:49+00:00","dateModified":"2023-12-17T20:09:15+00:00","breadcrumb":{"@id":"https:\/\/fmpatagoniamadryn.com.ar\/?p=7834#breadcrumb"},"inLanguage":"es","potentialAction":[{"@type":"ReadAction","target":["https:\/\/fmpatagoniamadryn.com.ar\/?p=7834"]}]},{"@type":"ImageObject","inLanguage":"es","@id":"https:\/\/fmpatagoniamadryn.com.ar\/?p=7834#primaryimage","url":"https:\/\/fmpatagoniamadryn.com.ar\/wp-content\/uploads\/2023\/12\/7fa45618-8a86-4782-ac4a-0a508e3171d7-scaled.jpg","contentUrl":"https:\/\/fmpatagoniamadryn.com.ar\/wp-content\/uploads\/2023\/12\/7fa45618-8a86-4782-ac4a-0a508e3171d7-scaled.jpg","width":2560,"height":1706},{"@type":"BreadcrumbList","@id":"https:\/\/fmpatagoniamadryn.com.ar\/?p=7834#breadcrumb","itemListElement":[{"@type":"ListItem","position":1,"name":"Portada","item":"https:\/\/fmpatagoniamadryn.com.ar\/"},{"@type":"ListItem","position":2,"name":"EL INTENDENTE PARTICIP\u00d3 DE LA INAUGURACI\u00d3N DEL NUEVO KART\u00d3DROMO DE PUERTO MADRYN"}]},{"@type":"WebSite","@id":"https:\/\/fmpatagoniamadryn.com.ar\/#website","url":"https:\/\/fmpatagoniamadryn.com.ar\/","name":"FM Patagonia Madryn","description":"Radio Patagonia 105.5","publisher":{"@id":"https:\/\/fmpatagoniamadryn.com.ar\/#organization"},"potentialAction":[{"@type":"SearchAction","target":{"@type":"EntryPoint","urlTemplate":"https:\/\/fmpatagoniamadryn.com.ar\/?s={search_term_string}"},"query-input":{"@type":"PropertyValueSpecification","valueRequired":true,"valueName":"search_term_string"}}],"inLanguage":"es"},{"@type":"Organization","@id":"https:\/\/fmpatagoniamadryn.com.ar\/#organization","name":"FM Patagonia Madryn","url":"https:\/\/fmpatagoniamadryn.com.ar\/","logo":{"@type":"ImageObject","inLanguage":"es","@id":"https:\/\/fmpatagoniamadryn.com.ar\/#\/schema\/logo\/image\/","url":"https:\/\/fmpatagoniamadryn.com.ar\/wp-content\/uploads\/2023\/01\/cropped-Diseno-sin-titulo.png","contentUrl":"https:\/\/fmpatagoniamadryn.com.ar\/wp-content\/uploads\/2023\/01\/cropped-Diseno-sin-titulo.png","width":6911,"height":2657,"caption":"FM Patagonia Madryn"},"image":{"@id":"https:\/\/fmpatagoniamadryn.com.ar\/#\/schema\/logo\/image\/"}},{"@type":"Person","@id":"https:\/\/fmpatagoniamadryn.com.ar\/#\/schema\/person\/8a3de4ad7efceacab06c1641c50303b7","name":"FM Patagonia","url":"https:\/\/fmpatagoniamadryn.com.ar\/?author=2"}]}},"jetpack_featured_media_url":"https:\/\/fmpatagoniamadryn.com.ar\/wp-content\/uploads\/2023\/12\/7fa45618-8a86-4782-ac4a-0a508e3171d7-scaled.jpg","_links":{"self":[{"href":"https:\/\/fmpatagoniamadryn.com.ar\/index.php?rest_route=\/wp\/v2\/posts\/7834","targetHints":{"allow":["GET"]}}],"collection":[{"href":"https:\/\/fmpatagoniamadryn.com.ar\/index.php?rest_route=\/wp\/v2\/posts"}],"about":[{"href":"https:\/\/fmpatagoniamadryn.com.ar\/index.php?rest_route=\/wp\/v2\/types\/post"}],"author":[{"embeddable":true,"href":"https:\/\/fmpatagoniamadryn.com.ar\/index.php?rest_route=\/wp\/v2\/users\/2"}],"replies":[{"embeddable":true,"href":"https:\/\/fmpatagoniamadryn.com.ar\/index.php?rest_route=%2Fwp%2Fv2%2Fcomments&post=7834"}],"version-history":[{"count":1,"href":"https:\/\/fmpatagoniamadryn.com.ar\/index.php?rest_route=\/wp\/v2\/posts\/7834\/revisions"}],"predecessor-version":[{"id":7835,"href":"https:\/\/fmpatagoniamadryn.com.ar\/index.php?rest_route=\/wp\/v2\/posts\/7834\/revisions\/7835"}],"wp:featuredmedia":[{"embeddable":true,"href":"https:\/\/fmpatagoniamadryn.com.ar\/index.php?rest_route=\/wp\/v2\/media\/7833"}],"wp:attachment":[{"href":"https:\/\/fmpatagoniamadryn.com.ar\/index.php?rest_route=%2Fwp%2Fv2%2Fmedia&parent=7834"}],"wp:term":[{"taxonomy":"category","embeddable":true,"href":"https:\/\/fmpatagoniamadryn.com.ar\/index.php?rest_route=%2Fwp%2Fv2%2Fcategories&post=7834"},{"taxonomy":"post_tag","embeddable":true,"href":"https:\/\/fmpatagoniamadryn.com.ar\/index.php?rest_route=%2Fwp%2Fv2%2Ftags&post=7834"}],"curies":[{"name":"wp","href":"https:\/\/api.w.org\/{rel}","templated":true}]}}