{"id":9347,"date":"2024-03-19T11:05:47","date_gmt":"2024-03-19T14:05:47","guid":{"rendered":"https:\/\/fmpatagoniamadryn.com.ar\/?p=9347"},"modified":"2024-03-19T11:05:57","modified_gmt":"2024-03-19T14:05:57","slug":"fue-en-el-marco-de-la-1o-asamblea-del-consejo-federal-de-cultura-desarrollada-en-la-ciudad-de-buenos-aires","status":"publish","type":"post","link":"https:\/\/fmpatagoniamadryn.com.ar\/?p=9347","title":{"rendered":"Fue en el marco de la 1\u00ba Asamblea del Consejo Federal de Cultura desarrollada en la ciudad de Buenos Aires"},"content":{"rendered":"\n<p>. All\u00ed, las seis provincias patag\u00f3nicas acordaron trabajar de forma mancomunada en defensa del federalismo, bregando por la identidad regional y promocionando las Industrias Culturales.<br><br>La Subsecretar\u00eda de Cultura provincial, dependiente del Gobierno del Chubut que conduce Ignacio \u201cNacho\u201d Torres, particip\u00f3 d\u00edas atr\u00e1s en la Ciudad Aut\u00f3noma de Buenos Aires de la primera Asamblea del Consejo Federal de Cultura. En ese marco, y con el aval de representantes de las seis provincias de la regi\u00f3n, se conform\u00f3 un Bloque Patag\u00f3nico que trabajar\u00e1 en forma coordinada en la defensa y promoci\u00f3n de las Industrias Culturales.<br><br>El encuentro tuvo lugar el \u00faltimo viernes en la Sala Herradura del Centro Cultural Kirchner (CCK), y estuvo encabezado por el titular de la cartera a nivel nacional, Leonardo Cifelli. Participaron, adem\u00e1s, autoridades de las 23 provincias y de la Ciudad Aut\u00f3noma de Buenos Aires, entre ellos, el subsecretario de Cultura del Chubut, Osvaldo Labasti\u00e9.<br><br>En ese contexto, los funcionarios provinciales coincidieron, en l\u00edneas generales, en su enfoque sobre defender las instituciones culturales y no desfinanciar al sector, teniendo en cuenta que la cultura \u201ces una expresi\u00f3n identitaria y un elemento de movilidad y desarrollo social\u201d.<br><br>Identidad y federalismo<br><br>En esta primera Asamblea del Consejo Federal de Cultura, las provincias de la Patagonia acordaron y expusieron ante los representantes de la misma, la necesidad de trabajar de forma mancomunada y en bloque en defensa de las Industrias Culturales de la regi\u00f3n, con el fin de evitar el desfinanciamiento hacia el sector y sobresaltar la importancia de la Cultura en el d\u00eda a d\u00eda de las comunidades.<br><br>Osvaldo Labasti\u00e9, subsecretario de Cultura del Chubut, expres\u00f3 la importancia de discutir la agenda de forma colectiva, proponiendo la moci\u00f3n de la institucionalizaci\u00f3n del Consejo Federal de Cultura. Expuso sobre la preocupaci\u00f3n por el desfinanciamiento de los Institutos Culturales y el cuidado que debe darse sobre las entidades de la sociedad civil, como por ejemplo \u201clas Bibliotecas Populares que son punta de lanza para la promoci\u00f3n social de la cultura\u201d.<br><br>Como miembro del nuevo Bloque Patag\u00f3nico de Secretarios de Cultura, manifest\u00f3 que nuestra regi\u00f3n puede tener en general una baja densidad demogr\u00e1fica, pero resalt\u00f3 que no es un desierto, y por ello inst\u00f3 a \u201cdefender la identidad como salvaguarda de la Soberan\u00eda Nacional\u201d.<br><br>Mostr\u00f3 tambi\u00e9n su preocupaci\u00f3n en el dise\u00f1o de las nuevas pol\u00edticas de promoci\u00f3n de la econom\u00eda cultural desde lugares de gran densidad demogr\u00e1fica, desde donde \u201cdeben tener en cuenta la accesibilidad que se tiene en las localidades del interior\u201d.<br><br>\u201cPedimos a las autoridades nacionales respeto sobre la Identidad de nuestros territorios y sobre las diferencias que nos constituyen como Regi\u00f3n\u201d, dijo sobre el final Labasti\u00e9, volviendo a resaltar que el objetivo es construir de forma colectiva.<br><br>Bloque Patag\u00f3nico de secretarios de Cultura<br><br>El Bloque Patag\u00f3nico de Secretarios de Cultura se conform\u00f3 con el aval de los seis representantes de las provincias de la regi\u00f3n: Osvaldo Labasti\u00e9, subsecretario de Cultura del Chubut; Pablo Lucero \u00c1lvarez, secretario de Cultura de La Pampa; Mart\u00edn Fraile Milstein, secretario de Cultura de R\u00edo Negro; Oscar Sarhan, subsecretario de Cultura de Neuqu\u00e9n; Adriel Ramos Pitch, secretario de Estado de Cultura de Santa Cruz; y Anal\u00eda Cubino, presidenta de la Agencia de Innovaci\u00f3n de Tierra del Fuego, Ant\u00e1rtida e Islas del Atl\u00e1ntico Sur.<br><br>De esta manera, los referentes regionales comenzar\u00e1n a diagramar acciones para el desarrollo territorial desde la Cultura en las provincias patag\u00f3nicas.<br><br>&#8212;<br><br> <\/p>\n","protected":false},"excerpt":{"rendered":"<p>. All\u00ed, las seis provincias patag\u00f3nicas acordaron trabajar de forma mancomunada en defensa del federalismo, bregando por la identidad regional y promocionando las Industrias Culturales. La Subsecretar\u00eda de Cultura provincial,&hellip; <\/p>\n","protected":false},"author":3,"featured_media":9346,"comment_status":"closed","ping_status":"closed","sticky":false,"template":"","format":"standard","meta":{"footnotes":""},"categories":[15],"tags":[],"class_list":["post-9347","post","type-post","status-publish","format-standard","has-post-thumbnail","hentry","category-locales"],"yoast_head":"<!-- This site is optimized with the Yoast SEO plugin v27.4 - https:\/\/yoast.com\/product\/yoast-seo-wordpress\/ -->\n<title>Fue en el marco de la 1\u00ba Asamblea del Consejo Federal de Cultura desarrollada en la ciudad de Buenos Aires - FM Patagonia Madryn<\/title>\n<meta name=\"robots\" content=\"index, follow, max-snippet:-1, max-image-preview:large, max-video-preview:-1\" \/>\n<link rel=\"canonical\" href=\"https:\/\/fmpatagoniamadryn.com.ar\/?p=9347\" \/>\n<meta property=\"og:locale\" content=\"es_ES\" \/>\n<meta property=\"og:type\" content=\"article\" \/>\n<meta property=\"og:title\" content=\"Fue en el marco de la 1\u00ba Asamblea del Consejo Federal de Cultura desarrollada en la ciudad de Buenos Aires - FM Patagonia Madryn\" \/>\n<meta property=\"og:description\" content=\". All\u00ed, las seis provincias patag\u00f3nicas acordaron trabajar de forma mancomunada en defensa del federalismo, bregando por la identidad regional y promocionando las Industrias Culturales. La Subsecretar\u00eda de Cultura provincial,&hellip;\" \/>\n<meta property=\"og:url\" content=\"https:\/\/fmpatagoniamadryn.com.ar\/?p=9347\" \/>\n<meta property=\"og:site_name\" content=\"FM Patagonia Madryn\" \/>\n<meta property=\"article:published_time\" content=\"2024-03-19T14:05:47+00:00\" \/>\n<meta property=\"article:modified_time\" content=\"2024-03-19T14:05:57+00:00\" \/>\n<meta property=\"og:image\" content=\"https:\/\/fmpatagoniamadryn.com.ar\/wp-content\/uploads\/2024\/03\/Consejo-Federal-de-Cultura-1.jpg\" \/>\n\t<meta property=\"og:image:width\" content=\"1600\" \/>\n\t<meta property=\"og:image:height\" content=\"900\" \/>\n\t<meta property=\"og:image:type\" content=\"image\/jpeg\" \/>\n<meta name=\"author\" content=\"FM Patagonia\" \/>\n<meta name=\"twitter:card\" content=\"summary_large_image\" \/>\n<meta name=\"twitter:label1\" content=\"Escrito por\" \/>\n\t<meta name=\"twitter:data1\" content=\"FM Patagonia\" \/>\n\t<meta name=\"twitter:label2\" content=\"Tiempo de lectura\" \/>\n\t<meta name=\"twitter:data2\" content=\"3 minutos\" \/>\n<script type=\"application\/ld+json\" class=\"yoast-schema-graph\">{\"@context\":\"https:\\\/\\\/schema.org\",\"@graph\":[{\"@type\":\"Article\",\"@id\":\"https:\\\/\\\/fmpatagoniamadryn.com.ar\\\/?p=9347#article\",\"isPartOf\":{\"@id\":\"https:\\\/\\\/fmpatagoniamadryn.com.ar\\\/?p=9347\"},\"author\":{\"name\":\"FM Patagonia\",\"@id\":\"https:\\\/\\\/fmpatagoniamadryn.com.ar\\\/#\\\/schema\\\/person\\\/1d968ec613613768e14b4e6420a2b125\"},\"headline\":\"Fue en el marco de la 1\u00ba Asamblea del Consejo Federal de Cultura desarrollada en la ciudad de Buenos Aires\",\"datePublished\":\"2024-03-19T14:05:47+00:00\",\"dateModified\":\"2024-03-19T14:05:57+00:00\",\"mainEntityOfPage\":{\"@id\":\"https:\\\/\\\/fmpatagoniamadryn.com.ar\\\/?p=9347\"},\"wordCount\":621,\"publisher\":{\"@id\":\"https:\\\/\\\/fmpatagoniamadryn.com.ar\\\/#organization\"},\"image\":{\"@id\":\"https:\\\/\\\/fmpatagoniamadryn.com.ar\\\/?p=9347#primaryimage\"},\"thumbnailUrl\":\"https:\\\/\\\/fmpatagoniamadryn.com.ar\\\/wp-content\\\/uploads\\\/2024\\\/03\\\/Consejo-Federal-de-Cultura-1.jpg\",\"articleSection\":[\"Locales\"],\"inLanguage\":\"es\"},{\"@type\":\"WebPage\",\"@id\":\"https:\\\/\\\/fmpatagoniamadryn.com.ar\\\/?p=9347\",\"url\":\"https:\\\/\\\/fmpatagoniamadryn.com.ar\\\/?p=9347\",\"name\":\"Fue en el marco de la 1\u00ba Asamblea del Consejo Federal de Cultura desarrollada en la ciudad de Buenos Aires - FM Patagonia Madryn\",\"isPartOf\":{\"@id\":\"https:\\\/\\\/fmpatagoniamadryn.com.ar\\\/#website\"},\"primaryImageOfPage\":{\"@id\":\"https:\\\/\\\/fmpatagoniamadryn.com.ar\\\/?p=9347#primaryimage\"},\"image\":{\"@id\":\"https:\\\/\\\/fmpatagoniamadryn.com.ar\\\/?p=9347#primaryimage\"},\"thumbnailUrl\":\"https:\\\/\\\/fmpatagoniamadryn.com.ar\\\/wp-content\\\/uploads\\\/2024\\\/03\\\/Consejo-Federal-de-Cultura-1.jpg\",\"datePublished\":\"2024-03-19T14:05:47+00:00\",\"dateModified\":\"2024-03-19T14:05:57+00:00\",\"breadcrumb\":{\"@id\":\"https:\\\/\\\/fmpatagoniamadryn.com.ar\\\/?p=9347#breadcrumb\"},\"inLanguage\":\"es\",\"potentialAction\":[{\"@type\":\"ReadAction\",\"target\":[\"https:\\\/\\\/fmpatagoniamadryn.com.ar\\\/?p=9347\"]}]},{\"@type\":\"ImageObject\",\"inLanguage\":\"es\",\"@id\":\"https:\\\/\\\/fmpatagoniamadryn.com.ar\\\/?p=9347#primaryimage\",\"url\":\"https:\\\/\\\/fmpatagoniamadryn.com.ar\\\/wp-content\\\/uploads\\\/2024\\\/03\\\/Consejo-Federal-de-Cultura-1.jpg\",\"contentUrl\":\"https:\\\/\\\/fmpatagoniamadryn.com.ar\\\/wp-content\\\/uploads\\\/2024\\\/03\\\/Consejo-Federal-de-Cultura-1.jpg\",\"width\":1600,\"height\":900},{\"@type\":\"BreadcrumbList\",\"@id\":\"https:\\\/\\\/fmpatagoniamadryn.com.ar\\\/?p=9347#breadcrumb\",\"itemListElement\":[{\"@type\":\"ListItem\",\"position\":1,\"name\":\"Portada\",\"item\":\"https:\\\/\\\/fmpatagoniamadryn.com.ar\\\/\"},{\"@type\":\"ListItem\",\"position\":2,\"name\":\"Fue en el marco de la 1\u00ba Asamblea del Consejo Federal de Cultura desarrollada en la ciudad de Buenos Aires\"}]},{\"@type\":\"WebSite\",\"@id\":\"https:\\\/\\\/fmpatagoniamadryn.com.ar\\\/#website\",\"url\":\"https:\\\/\\\/fmpatagoniamadryn.com.ar\\\/\",\"name\":\"FM Patagonia Madryn\",\"description\":\"Radio Patagonia 105.5\",\"publisher\":{\"@id\":\"https:\\\/\\\/fmpatagoniamadryn.com.ar\\\/#organization\"},\"potentialAction\":[{\"@type\":\"SearchAction\",\"target\":{\"@type\":\"EntryPoint\",\"urlTemplate\":\"https:\\\/\\\/fmpatagoniamadryn.com.ar\\\/?s={search_term_string}\"},\"query-input\":{\"@type\":\"PropertyValueSpecification\",\"valueRequired\":true,\"valueName\":\"search_term_string\"}}],\"inLanguage\":\"es\"},{\"@type\":\"Organization\",\"@id\":\"https:\\\/\\\/fmpatagoniamadryn.com.ar\\\/#organization\",\"name\":\"FM Patagonia Madryn\",\"url\":\"https:\\\/\\\/fmpatagoniamadryn.com.ar\\\/\",\"logo\":{\"@type\":\"ImageObject\",\"inLanguage\":\"es\",\"@id\":\"https:\\\/\\\/fmpatagoniamadryn.com.ar\\\/#\\\/schema\\\/logo\\\/image\\\/\",\"url\":\"https:\\\/\\\/fmpatagoniamadryn.com.ar\\\/wp-content\\\/uploads\\\/2023\\\/01\\\/cropped-Diseno-sin-titulo.png\",\"contentUrl\":\"https:\\\/\\\/fmpatagoniamadryn.com.ar\\\/wp-content\\\/uploads\\\/2023\\\/01\\\/cropped-Diseno-sin-titulo.png\",\"width\":6911,\"height\":2657,\"caption\":\"FM Patagonia Madryn\"},\"image\":{\"@id\":\"https:\\\/\\\/fmpatagoniamadryn.com.ar\\\/#\\\/schema\\\/logo\\\/image\\\/\"}},{\"@type\":\"Person\",\"@id\":\"https:\\\/\\\/fmpatagoniamadryn.com.ar\\\/#\\\/schema\\\/person\\\/1d968ec613613768e14b4e6420a2b125\",\"name\":\"FM Patagonia\",\"url\":\"https:\\\/\\\/fmpatagoniamadryn.com.ar\\\/?author=3\"}]}<\/script>\n<!-- \/ Yoast SEO plugin. -->","yoast_head_json":{"title":"Fue en el marco de la 1\u00ba Asamblea del Consejo Federal de Cultura desarrollada en la ciudad de Buenos Aires - FM Patagonia Madryn","robots":{"index":"index","follow":"follow","max-snippet":"max-snippet:-1","max-image-preview":"max-image-preview:large","max-video-preview":"max-video-preview:-1"},"canonical":"https:\/\/fmpatagoniamadryn.com.ar\/?p=9347","og_locale":"es_ES","og_type":"article","og_title":"Fue en el marco de la 1\u00ba Asamblea del Consejo Federal de Cultura desarrollada en la ciudad de Buenos Aires - FM Patagonia Madryn","og_description":". All\u00ed, las seis provincias patag\u00f3nicas acordaron trabajar de forma mancomunada en defensa del federalismo, bregando por la identidad regional y promocionando las Industrias Culturales. La Subsecretar\u00eda de Cultura provincial,&hellip;","og_url":"https:\/\/fmpatagoniamadryn.com.ar\/?p=9347","og_site_name":"FM Patagonia Madryn","article_published_time":"2024-03-19T14:05:47+00:00","article_modified_time":"2024-03-19T14:05:57+00:00","og_image":[{"width":1600,"height":900,"url":"https:\/\/fmpatagoniamadryn.com.ar\/wp-content\/uploads\/2024\/03\/Consejo-Federal-de-Cultura-1.jpg","type":"image\/jpeg"}],"author":"FM Patagonia","twitter_card":"summary_large_image","twitter_misc":{"Escrito por":"FM Patagonia","Tiempo de lectura":"3 minutos"},"schema":{"@context":"https:\/\/schema.org","@graph":[{"@type":"Article","@id":"https:\/\/fmpatagoniamadryn.com.ar\/?p=9347#article","isPartOf":{"@id":"https:\/\/fmpatagoniamadryn.com.ar\/?p=9347"},"author":{"name":"FM Patagonia","@id":"https:\/\/fmpatagoniamadryn.com.ar\/#\/schema\/person\/1d968ec613613768e14b4e6420a2b125"},"headline":"Fue en el marco de la 1\u00ba Asamblea del Consejo Federal de Cultura desarrollada en la ciudad de Buenos Aires","datePublished":"2024-03-19T14:05:47+00:00","dateModified":"2024-03-19T14:05:57+00:00","mainEntityOfPage":{"@id":"https:\/\/fmpatagoniamadryn.com.ar\/?p=9347"},"wordCount":621,"publisher":{"@id":"https:\/\/fmpatagoniamadryn.com.ar\/#organization"},"image":{"@id":"https:\/\/fmpatagoniamadryn.com.ar\/?p=9347#primaryimage"},"thumbnailUrl":"https:\/\/fmpatagoniamadryn.com.ar\/wp-content\/uploads\/2024\/03\/Consejo-Federal-de-Cultura-1.jpg","articleSection":["Locales"],"inLanguage":"es"},{"@type":"WebPage","@id":"https:\/\/fmpatagoniamadryn.com.ar\/?p=9347","url":"https:\/\/fmpatagoniamadryn.com.ar\/?p=9347","name":"Fue en el marco de la 1\u00ba Asamblea del Consejo Federal de Cultura desarrollada en la ciudad de Buenos Aires - FM Patagonia Madryn","isPartOf":{"@id":"https:\/\/fmpatagoniamadryn.com.ar\/#website"},"primaryImageOfPage":{"@id":"https:\/\/fmpatagoniamadryn.com.ar\/?p=9347#primaryimage"},"image":{"@id":"https:\/\/fmpatagoniamadryn.com.ar\/?p=9347#primaryimage"},"thumbnailUrl":"https:\/\/fmpatagoniamadryn.com.ar\/wp-content\/uploads\/2024\/03\/Consejo-Federal-de-Cultura-1.jpg","datePublished":"2024-03-19T14:05:47+00:00","dateModified":"2024-03-19T14:05:57+00:00","breadcrumb":{"@id":"https:\/\/fmpatagoniamadryn.com.ar\/?p=9347#breadcrumb"},"inLanguage":"es","potentialAction":[{"@type":"ReadAction","target":["https:\/\/fmpatagoniamadryn.com.ar\/?p=9347"]}]},{"@type":"ImageObject","inLanguage":"es","@id":"https:\/\/fmpatagoniamadryn.com.ar\/?p=9347#primaryimage","url":"https:\/\/fmpatagoniamadryn.com.ar\/wp-content\/uploads\/2024\/03\/Consejo-Federal-de-Cultura-1.jpg","contentUrl":"https:\/\/fmpatagoniamadryn.com.ar\/wp-content\/uploads\/2024\/03\/Consejo-Federal-de-Cultura-1.jpg","width":1600,"height":900},{"@type":"BreadcrumbList","@id":"https:\/\/fmpatagoniamadryn.com.ar\/?p=9347#breadcrumb","itemListElement":[{"@type":"ListItem","position":1,"name":"Portada","item":"https:\/\/fmpatagoniamadryn.com.ar\/"},{"@type":"ListItem","position":2,"name":"Fue en el marco de la 1\u00ba Asamblea del Consejo Federal de Cultura desarrollada en la ciudad de Buenos Aires"}]},{"@type":"WebSite","@id":"https:\/\/fmpatagoniamadryn.com.ar\/#website","url":"https:\/\/fmpatagoniamadryn.com.ar\/","name":"FM Patagonia Madryn","description":"Radio Patagonia 105.5","publisher":{"@id":"https:\/\/fmpatagoniamadryn.com.ar\/#organization"},"potentialAction":[{"@type":"SearchAction","target":{"@type":"EntryPoint","urlTemplate":"https:\/\/fmpatagoniamadryn.com.ar\/?s={search_term_string}"},"query-input":{"@type":"PropertyValueSpecification","valueRequired":true,"valueName":"search_term_string"}}],"inLanguage":"es"},{"@type":"Organization","@id":"https:\/\/fmpatagoniamadryn.com.ar\/#organization","name":"FM Patagonia Madryn","url":"https:\/\/fmpatagoniamadryn.com.ar\/","logo":{"@type":"ImageObject","inLanguage":"es","@id":"https:\/\/fmpatagoniamadryn.com.ar\/#\/schema\/logo\/image\/","url":"https:\/\/fmpatagoniamadryn.com.ar\/wp-content\/uploads\/2023\/01\/cropped-Diseno-sin-titulo.png","contentUrl":"https:\/\/fmpatagoniamadryn.com.ar\/wp-content\/uploads\/2023\/01\/cropped-Diseno-sin-titulo.png","width":6911,"height":2657,"caption":"FM Patagonia Madryn"},"image":{"@id":"https:\/\/fmpatagoniamadryn.com.ar\/#\/schema\/logo\/image\/"}},{"@type":"Person","@id":"https:\/\/fmpatagoniamadryn.com.ar\/#\/schema\/person\/1d968ec613613768e14b4e6420a2b125","name":"FM Patagonia","url":"https:\/\/fmpatagoniamadryn.com.ar\/?author=3"}]}},"jetpack_featured_media_url":"https:\/\/fmpatagoniamadryn.com.ar\/wp-content\/uploads\/2024\/03\/Consejo-Federal-de-Cultura-1.jpg","_links":{"self":[{"href":"https:\/\/fmpatagoniamadryn.com.ar\/index.php?rest_route=\/wp\/v2\/posts\/9347","targetHints":{"allow":["GET"]}}],"collection":[{"href":"https:\/\/fmpatagoniamadryn.com.ar\/index.php?rest_route=\/wp\/v2\/posts"}],"about":[{"href":"https:\/\/fmpatagoniamadryn.com.ar\/index.php?rest_route=\/wp\/v2\/types\/post"}],"author":[{"embeddable":true,"href":"https:\/\/fmpatagoniamadryn.com.ar\/index.php?rest_route=\/wp\/v2\/users\/3"}],"replies":[{"embeddable":true,"href":"https:\/\/fmpatagoniamadryn.com.ar\/index.php?rest_route=%2Fwp%2Fv2%2Fcomments&post=9347"}],"version-history":[{"count":1,"href":"https:\/\/fmpatagoniamadryn.com.ar\/index.php?rest_route=\/wp\/v2\/posts\/9347\/revisions"}],"predecessor-version":[{"id":9348,"href":"https:\/\/fmpatagoniamadryn.com.ar\/index.php?rest_route=\/wp\/v2\/posts\/9347\/revisions\/9348"}],"wp:featuredmedia":[{"embeddable":true,"href":"https:\/\/fmpatagoniamadryn.com.ar\/index.php?rest_route=\/wp\/v2\/media\/9346"}],"wp:attachment":[{"href":"https:\/\/fmpatagoniamadryn.com.ar\/index.php?rest_route=%2Fwp%2Fv2%2Fmedia&parent=9347"}],"wp:term":[{"taxonomy":"category","embeddable":true,"href":"https:\/\/fmpatagoniamadryn.com.ar\/index.php?rest_route=%2Fwp%2Fv2%2Fcategories&post=9347"},{"taxonomy":"post_tag","embeddable":true,"href":"https:\/\/fmpatagoniamadryn.com.ar\/index.php?rest_route=%2Fwp%2Fv2%2Ftags&post=9347"}],"curies":[{"name":"wp","href":"https:\/\/api.w.org\/{rel}","templated":true}]}}